{"id":90264,"date":"2026-02-25T10:55:32","date_gmt":"2026-02-25T07:55:32","guid":{"rendered":"https:\/\/www.egemtv.com\/?p=90264"},"modified":"2026-02-25T10:55:33","modified_gmt":"2026-02-25T07:55:33","slug":"odemiste-coken-yolda-calismalar-basladi","status":"publish","type":"post","link":"https:\/\/www.egemtv.com\/?p=90264","title":{"rendered":"\u00d6demi\u015f\u2019te \u00e7\u00f6ken yolda \u00e7al\u0131\u015fmalar ba\u015flad\u0131"},"content":{"rendered":"<p>\u0130zmir B\u00fcy\u00fck\u015fehir Belediyesi, \u00d6demi\u015f\u2019te \u00c7amyayla-Horzum yolunda orman yang\u0131nlar\u0131n\u0131n ard\u0131ndan kesilen tomruklar\u0131n ya\u011f\u0131\u015flar nedeniyle menfezi t\u0131kamas\u0131 sonucu \u00e7\u00f6ken yolda onar\u0131m \u00e7al\u0131\u015fmalar\u0131na ba\u015flad\u0131. Yo\u011fun ya\u011f\u0131\u015fta \u00e7\u00f6kme riskini \u00f6nceden tespit ederek can ve mal kayb\u0131n\u0131 \u00f6nleyen ekipler, alternatif g\u00fczerg\u00e2h olu\u015fturarak ula\u015f\u0131m\u0131n kesintiye u\u011framas\u0131n\u0131 da engelledi. Menfez temizli\u011fi ve dolgu \u00e7al\u0131\u015fmalar\u0131n\u0131n ard\u0131ndan yol yenilenecek.<br \/>\n<br \/>\u0130zmir B\u00fcy\u00fck\u015fehir Belediyesi, \u00d6demi\u015f\u2019te \u00c7amyayla, Horzum ve L\u00fcbbey mahallelerine ula\u015f\u0131m\u0131 sa\u011flayan yolda meydana gelen \u00e7\u00f6kme i\u00e7in onar\u0131m \u00e7al\u0131\u015fmas\u0131 ba\u015flatt\u0131. 13 \u015eubat\u2019ta a\u015f\u0131r\u0131 ya\u011f\u0131\u015flar\u0131n etkisiyle, orman yang\u0131n\u0131 sonras\u0131 b\u00f6lgede b\u0131rak\u0131lan tomruklar\u0131n menfezi t\u0131kamas\u0131 sonucu heyelan olu\u015fmu\u015f, yolun bir b\u00f6l\u00fcm\u00fc \u00e7\u00f6km\u00fc\u015ft\u00fc. Ya\u011f\u0131\u015flar\u0131n etkili oldu\u011fu s\u00fcre\u00e7te gece g\u00fcnd\u00fcz teyakkuzda olan Yol Yap\u0131m Bak\u0131m ve Onar\u0131m Dairesi Ba\u015fkanl\u0131\u011f\u0131 ekipleri, \u00c7amyayla, Horzum ve L\u00fcbbey mahallelerine ula\u015f\u0131m\u0131 sa\u011flayan yolda kayma tespit ederek g\u00fczerg\u00e2h\u0131 iki y\u00f6nl\u00fc trafi\u011fe kapat\u0131p \u00f6nlem ald\u0131 ve olas\u0131 can ile mal kayb\u0131n\u0131n \u00f6n\u00fcne ge\u00e7ti. Ayn\u0131 g\u00fcn\u00fcn ak\u015fam saatlerinde yolda \u00e7\u00f6kme meydana gelmesi \u00fczerine alternatif g\u00fczerg\u00e2h olu\u015fturularak \u00e7al\u0131\u015fmalar planland\u0131. Mahallelere ula\u015f\u0131m\u0131n sorunsuz sa\u011flanmas\u0131 i\u00e7in Su\u00e7\u0131kt\u0131 ve Tosunlar mahalleleri g\u00fczergah\u0131ndaki 35 kilometre uzunlu\u011fundaki yolda gerekli d\u00fczenlemeler yap\u0131larak \u00c7amyayla, Horzum ve L\u00fcbbey mahallelerine ula\u015f\u0131m aksamadan sa\u011fland\u0131. B\u00f6lgede ya\u011f\u0131\u015flar\u0131n durmas\u0131 ve \u00e7\u00f6kme riskinin ortadan kalkmas\u0131yla g\u00fcvenli \u00e7al\u0131\u015fma ko\u015fullar\u0131 sa\u011fland\u0131, onar\u0131m \u00e7al\u0131\u015fmalar\u0131na h\u0131zla ba\u015fland\u0131.<\/p>\n<p>Yang\u0131n\u0131n ard\u0131ndan kesilen a\u011fa\u00e7 tomruklar\u0131 menfez giri\u015fini t\u0131kad\u0131<br \/>\n<br \/>G\u00fcney B\u00f6lge Yol \u0130\u015fleri \u015eube M\u00fcd\u00fcrl\u00fc\u011f\u00fc Yol Formeni Mehmet Ala\u00e7am, yaz d\u00f6neminde il\u00e7ede ya\u015fanan orman yang\u0131n\u0131n\u0131 hat\u0131rlatarak, &#8220;Yang\u0131n sonras\u0131 b\u00f6lgede orman kesim i\u015f\u00e7ileri taraf\u0131ndan temizlik \u00e7al\u0131\u015fmalar\u0131 yap\u0131ld\u0131. Ancak kesilen tomruklar\u0131n yeterince d\u00fczenli kald\u0131r\u0131lmamas\u0131 nedeniyle ya\u011fmur suyunun ak\u0131\u015f\u0131n\u0131 sa\u011flayan menfezin giri\u015fi t\u0131kanm\u0131\u015f. Menfez t\u0131kan\u0131nca su yolun \u00fczerinden a\u015farak zemin yap\u0131s\u0131nda bozulmaya yol a\u00e7t\u0131. Ayr\u0131ca yang\u0131n sonras\u0131nda orman taban\u0131 olu\u015fmad\u0131\u011f\u0131 i\u00e7in ya\u011f\u0131\u015flarla birlikte toprak kaymalar\u0131 da meydana geldi&#8221; dedi.<\/p>\n<p>&#8220;En k\u0131sa s\u00fcrede ula\u015f\u0131ma a\u00e7aca\u011f\u0131z&#8221;<br \/>\n<br \/>\u00c7al\u0131\u015fma s\u00fcrecine ili\u015fkin bilgi veren Ala\u00e7am, &#8220;\u015eu anda kopan yolun dolgusunu yap\u0131yoruz. Dolgu tamamland\u0131ktan sonra yol kaplamas\u0131n\u0131 ger\u00e7ekle\u015ftirece\u011fiz. Derede h\u00e2len su ak\u0131\u015f\u0131 var. \u0130\u015f makinelerimizin g\u00fcvenli \u015fekilde \u00e7al\u0131\u015fabilmesi i\u00e7in suyun azalmas\u0131n\u0131 bekledik. Dere taban\u0131 toprak kaymalar\u0131 nedeniyle mil ile dolmu\u015f durumda ve bu da makineleri zorluyor. Ya\u011f\u0131\u015flar\u0131n durmas\u0131n\u0131n ard\u0131ndan gerekli \u00e7al\u0131\u015fmalara ba\u015flad\u0131k. \u015eu an herhangi bir sorun yok. Yolun g\u00fcvenli\u011fini sa\u011flad\u0131k; \u00c7amyayla ve Horzum y\u00f6n\u00fcnden ge\u00e7i\u015fler kapal\u0131. \u00c7al\u0131\u015fmalar\u0131m\u0131z planland\u0131\u011f\u0131 \u015fekilde ilerliyor. \u0130zmir B\u00fcy\u00fck\u015fehir Belediyesi olarak vatanda\u015flar\u0131m\u0131z\u0131n ula\u015f\u0131m\u0131n\u0131 en k\u0131sa s\u00fcrede yeniden sa\u011flamak i\u00e7in \u00e7al\u0131\u015f\u0131yoruz ve yolu en k\u0131sa zamanda trafi\u011fe a\u00e7aca\u011f\u0131z&#8221; dedi.<br \/><\/p>\n","protected":false},"excerpt":{"rendered":"<p>\u0130zmir B\u00fcy\u00fck\u015fehir Belediyesi, \u00d6demi\u015f\u2019te \u00c7amyayla-Horzum yolunda orman yang\u0131nlar\u0131n\u0131n ard\u0131ndan kesilen tomruklar\u0131n ya\u011f\u0131\u015flar nedeniyle menfezi t\u0131kamas\u0131 sonucu \u00e7\u00f6ken yolda onar\u0131m \u00e7al\u0131\u015fmalar\u0131na ba\u015flad\u0131. Yo\u011fun ya\u011f\u0131\u015fta \u00e7\u00f6kme riskini \u00f6nceden tespit ederek can ve mal kayb\u0131n\u0131 \u00f6nleyen ekipler, alternatif g\u00fczerg\u00e2h olu\u015fturarak ula\u015f\u0131m\u0131n kesintiye u\u011framas\u0131n\u0131 da engelledi. Menfez temizli\u011fi ve dolgu \u00e7al\u0131\u015fmalar\u0131n\u0131n ard\u0131ndan yol yenilenecek. \u0130zmir B\u00fcy\u00fck\u015fehir Belediyesi, \u00d6demi\u015f\u2019te \u00c7amyayla,&#8230;<\/p>\n","protected":false},"author":1,"featured_media":90265,"comment_status":"open","ping_status":"open","sticky":false,"template":"","format":"standard","meta":{"_crdt_document":"","footnotes":""},"categories":[1],"tags":[],"class_list":["post-90264","post","type-post","status-publish","format-standard","has-post-thumbnail","hentry","category-guncel"],"_links":{"self":[{"href":"https:\/\/www.egemtv.com\/index.php?rest_route=\/wp\/v2\/posts\/90264","targetHints":{"allow":["GET"]}}],"collection":[{"href":"https:\/\/www.egemtv.com\/index.php?rest_route=\/wp\/v2\/posts"}],"about":[{"href":"https:\/\/www.egemtv.com\/index.php?rest_route=\/wp\/v2\/types\/post"}],"author":[{"embeddable":true,"href":"https:\/\/www.egemtv.com\/index.php?rest_route=\/wp\/v2\/users\/1"}],"replies":[{"embeddable":true,"href":"https:\/\/www.egemtv.com\/index.php?rest_route=%2Fwp%2Fv2%2Fcomments&post=90264"}],"version-history":[{"count":1,"href":"https:\/\/www.egemtv.com\/index.php?rest_route=\/wp\/v2\/posts\/90264\/revisions"}],"predecessor-version":[{"id":90266,"href":"https:\/\/www.egemtv.com\/index.php?rest_route=\/wp\/v2\/posts\/90264\/revisions\/90266"}],"wp:featuredmedia":[{"embeddable":true,"href":"https:\/\/www.egemtv.com\/index.php?rest_route=\/wp\/v2\/media\/90265"}],"wp:attachment":[{"href":"https:\/\/www.egemtv.com\/index.php?rest_route=%2Fwp%2Fv2%2Fmedia&parent=90264"}],"wp:term":[{"taxonomy":"category","embeddable":true,"href":"https:\/\/www.egemtv.com\/index.php?rest_route=%2Fwp%2Fv2%2Fcategories&post=90264"},{"taxonomy":"post_tag","embeddable":true,"href":"https:\/\/www.egemtv.com\/index.php?rest_route=%2Fwp%2Fv2%2Ftags&post=90264"}],"curies":[{"name":"wp","href":"https:\/\/api.w.org\/{rel}","templated":true}]}}