{"id":90261,"date":"2026-02-25T10:55:31","date_gmt":"2026-02-25T07:55:31","guid":{"rendered":"https:\/\/www.egemtv.com\/?p=90261"},"modified":"2026-02-25T10:55:32","modified_gmt":"2026-02-25T07:55:32","slug":"tavsanlida-ramazanda-gida-denetimleri-artirildi","status":"publish","type":"post","link":"https:\/\/www.egemtv.com\/?p=90261","title":{"rendered":"Tav\u015fanl\u0131\u2019da Ramazan\u2019da g\u0131da denetimleri art\u0131r\u0131ld\u0131"},"content":{"rendered":"<p>K\u00fctahya\u2019n\u0131n Tav\u015fanl\u0131 \u0130l\u00e7e Tar\u0131m ve Orman M\u00fcd\u00fcrl\u00fc\u011f\u00fc taraf\u0131ndan Ramazan ay\u0131na y\u00f6nelik denetim faaliyetleri aral\u0131ks\u0131z ve titizlikle s\u00fcrd\u00fcr\u00fcl\u00fcyor.<br \/>\n<br \/>\u0130l\u00e7e Tar\u0131m ve Orman M\u00fcd\u00fcrl\u00fc\u011f\u00fcnde g\u00f6revli teknik personel, t\u00fcketicilerin g\u00fcvenilir ve sa\u011fl\u0131kl\u0131 g\u0131daya kesintisiz eri\u015fimini sa\u011flamak amac\u0131yla marketler ve \u00e7e\u015fitli sat\u0131\u015f noktalar\u0131nda kapsaml\u0131 kontroller ger\u00e7ekle\u015ftiriyor. Denetimlerde \u00fcr\u00fcnlerin son t\u00fcketim tarihleri, etiket bilgileri ve hijyen \u015fartlar\u0131 ayr\u0131nt\u0131l\u0131 \u015fekilde inceleniyor.<br \/>\n<br \/>Yetkililer, vatanda\u015flar\u0131n g\u00fcvenilir ve sa\u011fl\u0131kl\u0131 g\u0131daya eri\u015fimini temin etmek amac\u0131yla denetimlerin Ramazan ay\u0131 boyunca ayn\u0131 hassasiyet ve kararl\u0131l\u0131kla devam edece\u011fini ifade etti.<br \/><\/p>\n","protected":false},"excerpt":{"rendered":"<p>K\u00fctahya\u2019n\u0131n Tav\u015fanl\u0131 \u0130l\u00e7e Tar\u0131m ve Orman M\u00fcd\u00fcrl\u00fc\u011f\u00fc taraf\u0131ndan Ramazan ay\u0131na y\u00f6nelik denetim faaliyetleri aral\u0131ks\u0131z ve titizlikle s\u00fcrd\u00fcr\u00fcl\u00fcyor. \u0130l\u00e7e Tar\u0131m ve Orman M\u00fcd\u00fcrl\u00fc\u011f\u00fcnde g\u00f6revli teknik personel, t\u00fcketicilerin g\u00fcvenilir ve sa\u011fl\u0131kl\u0131 g\u0131daya kesintisiz eri\u015fimini sa\u011flamak amac\u0131yla marketler ve \u00e7e\u015fitli sat\u0131\u015f noktalar\u0131nda kapsaml\u0131 kontroller ger\u00e7ekle\u015ftiriyor. Denetimlerde \u00fcr\u00fcnlerin son t\u00fcketim tarihleri, etiket bilgileri ve hijyen \u015fartlar\u0131 ayr\u0131nt\u0131l\u0131 \u015fekilde inceleniyor&#8230;.<\/p>\n","protected":false},"author":1,"featured_media":90262,"comment_status":"open","ping_status":"open","sticky":false,"template":"","format":"standard","meta":{"_crdt_document":"","footnotes":""},"categories":[2],"tags":[],"class_list":["post-90261","post","type-post","status-publish","format-standard","has-post-thumbnail","hentry","category-saglik"],"_links":{"self":[{"href":"https:\/\/www.egemtv.com\/index.php?rest_route=\/wp\/v2\/posts\/90261","targetHints":{"allow":["GET"]}}],"collection":[{"href":"https:\/\/www.egemtv.com\/index.php?rest_route=\/wp\/v2\/posts"}],"about":[{"href":"https:\/\/www.egemtv.com\/index.php?rest_route=\/wp\/v2\/types\/post"}],"author":[{"embeddable":true,"href":"https:\/\/www.egemtv.com\/index.php?rest_route=\/wp\/v2\/users\/1"}],"replies":[{"embeddable":true,"href":"https:\/\/www.egemtv.com\/index.php?rest_route=%2Fwp%2Fv2%2Fcomments&post=90261"}],"version-history":[{"count":1,"href":"https:\/\/www.egemtv.com\/index.php?rest_route=\/wp\/v2\/posts\/90261\/revisions"}],"predecessor-version":[{"id":90263,"href":"https:\/\/www.egemtv.com\/index.php?rest_route=\/wp\/v2\/posts\/90261\/revisions\/90263"}],"wp:featuredmedia":[{"embeddable":true,"href":"https:\/\/www.egemtv.com\/index.php?rest_route=\/wp\/v2\/media\/90262"}],"wp:attachment":[{"href":"https:\/\/www.egemtv.com\/index.php?rest_route=%2Fwp%2Fv2%2Fmedia&parent=90261"}],"wp:term":[{"taxonomy":"category","embeddable":true,"href":"https:\/\/www.egemtv.com\/index.php?rest_route=%2Fwp%2Fv2%2Fcategories&post=90261"},{"taxonomy":"post_tag","embeddable":true,"href":"https:\/\/www.egemtv.com\/index.php?rest_route=%2Fwp%2Fv2%2Ftags&post=90261"}],"curies":[{"name":"wp","href":"https:\/\/api.w.org\/{rel}","templated":true}]}}