{"id":90258,"date":"2026-02-25T10:55:30","date_gmt":"2026-02-25T07:55:30","guid":{"rendered":"https:\/\/www.egemtv.com\/?p=90258"},"modified":"2026-02-25T10:55:31","modified_gmt":"2026-02-25T07:55:31","slug":"babasi-kendini-savunmayi-ogren-dedi-o-sampiyon-oldu","status":"publish","type":"post","link":"https:\/\/www.egemtv.com\/?p=90258","title":{"rendered":"Babas\u0131 \u2019kendini savunmay\u0131 \u00f6\u011fren\u2019 dedi, o \u015fampiyon oldu"},"content":{"rendered":"<p>Bal\u0131kesir\u2019de d\u00fczenlenen ve 18 ilden sporcular\u0131n kat\u0131ld\u0131\u011f\u0131 grup merkezi m\u00fcsabakalar\u0131nda Isparta Spor Lisesi \u00f6\u011frencisi Dua U\u011fur birinci oldu. 5 y\u0131ld\u0131r karate ile ilgilendi\u011fini s\u00f6yleyen U\u011fur, &#8220;Babam savunma sporu yapmam\u0131 istedi\u011fi i\u00e7in bu bran\u015fa ba\u015flad\u0131m&#8221; dedi.<br \/>\n<br \/>Bal\u0131kesir\u2019de 21-22 \u015eubat 2026 tarihlerinde \u015eehit Turgut Solak Spor Salonu\u2019nda ger\u00e7ekle\u015ftirilen ve 18 ilden sporcular\u0131n kat\u0131ld\u0131\u011f\u0131 grup merkezi m\u00fcsabakalar\u0131nda Isparta Spor Lisesi \u00f6\u011frencisi Dua U\u011fur birinci oldu. Ba\u015far\u0131l\u0131 sporcu, daha \u00f6nce Avrupa Karate Federasyonu faaliyet program\u0131nda yer alan Moldova Karate \u015eampiyonas\u0131\u2019nda \u00dcmit +61 kilogram kategorisinde \u00fc\u00e7\u00fcnc\u00fcl\u00fck elde etmi\u015fti. Dua U\u011fur, ayr\u0131ca yaz d\u00f6neminde d\u00fczenlenen \u00dcmit, Gen\u00e7 ve U21 Premier League Karate \u015eampiyonas\u0131\u2019nda da \u00dcmit +61 kilogramda \u00fc\u00e7\u00fcnc\u00fcl\u00fck kazanarak y\u00fckseli\u015fini s\u00fcrd\u00fcrd\u00fc. Bu y\u0131l yeni bir uygulama ile yaln\u0131zca Gen\u00e7 B kategorisinde d\u00fczenlenen grup m\u00fcsabakalar\u0131nda U\u011fur, bir kez daha \u015fampiyonluk ya\u015fad\u0131.<\/p>\n<p>&#8220;Babam istedi\u011fi i\u00e7in ba\u015flad\u0131m&#8221;<br \/>\n<br \/>Isparta Spor Lisesi \u00f6\u011frencisi 16 ya\u015f\u0131ndaki sporcu Dua U\u011fur, &#8220;5 y\u0131ld\u0131r karate ile ilgileniyorum. Babam savunma sporu yapmam\u0131 istedi\u011fi i\u00e7in bu bran\u015fa ba\u015flad\u0131m. Avrupa Karate Federasyonu faaliyet program\u0131nda yer alan Moldova Karate \u015eampiyonas\u0131\u2019nda \u00dcmit kategorisi +61 kiloda \u00fc\u00e7\u00fcnc\u00fc oldum. En son okullar aras\u0131 grup m\u00fcsabakalar\u0131nda \u00dcmit K\u0131zlar 66 kiloda \u015fampiyon oldum\u2019\u2019 dedi.<\/p>\n<p>&#8220;Benimle gurur duydu\u011funu s\u00f6yledi&#8221;<br \/>\n<br \/>Ma\u00e7tan \u00e7\u0131kt\u0131ktan sonra ilk babas\u0131n\u0131 aray\u0131p mutlulu\u011funu payla\u015ft\u0131\u011f\u0131n\u0131 dile getiren U\u011fur, &#8220;O da benim gibi \u00e7ok mutlu oldu ve benimle gurur duydu\u011funu s\u00f6yledi. \u0130lk hedefim milli sporcu olmakt\u0131; bunu ba\u015fard\u0131m ve milli sporcu oldum. Bir sonraki hedefim ise uluslararas\u0131 arenada \u00fclkemi temsil etmek, Avrupa ve d\u00fcnya \u015fampiyonalar\u0131nda derece elde etmek. Karaka\u015f Spor Kul\u00fcb\u00fc antren\u00f6r\u00fcm Kadir hocama, ma\u00e7larda s\u00fcrekli yan\u0131m\u0131zda olup bizi destekleyen Ahmet a\u011fabeyime te\u015fekk\u00fcr ederim. Tabii ki her zaman destek olup arkamda duran aileme sonsuz te\u015fekk\u00fcr ederim&#8221; \u015feklinde konu\u015ftu.<\/p>\n<p>Kadir Karaka\u015f: &#8220;Bu y\u00f6n\u00fcyle de kendisiyle gurur duyuyoruz\u2019\u2019<br \/>\n<br \/>Isparta Karate \u0130l Temsilcisi ve U14 Teknik Kurul \u00dcyesi antren\u00f6r Kadir Karaka\u015f da Dua U\u011fur\u2019un 2.5 y\u0131l \u00f6nce Sand\u0131kl\u0131\u2019dan aralar\u0131na kat\u0131ld\u0131\u011f\u0131n\u0131 aktararak, &#8220;Yeni bir antrenman program\u0131yla \u00e7al\u0131\u015fmalar\u0131m\u0131za ba\u015flad\u0131k. Ge\u00e7en y\u0131l d\u00fczenlenen T\u00fcrkiye Premier Ligi\u2019nde \u00dcmitler +61 kilogram kategorisinde T\u00fcrkiye \u00fc\u00e7\u00fcnc\u00fcs\u00fc oldu. Bu ba\u015far\u0131s\u0131, bizim i\u00e7in gelecek vadeden \u00f6nemli bir ad\u0131m oldu. En son, 18 ilin kat\u0131ld\u0131\u011f\u0131 Okullar Aras\u0131 Grup \u015eampiyonas\u0131\u2019nda 66 kilogramda \u015fampiyon oldu. \u015eu anda Dua ile birlikte okullar aras\u0131 finallere haz\u0131rlanmaktay\u0131z. Kendisi Isparta Spor Lisesi \u00f6\u011frencisidir. Aktif bir sporcu olmas\u0131n\u0131n yan\u0131 s\u0131ra akademik olarak da olduk\u00e7a ba\u015far\u0131l\u0131d\u0131r. Bu y\u00f6n\u00fcyle de kendisiyle gurur duyuyoruz&#8221; c\u00fcmlelerine yer verdi.<br \/><\/p>\n","protected":false},"excerpt":{"rendered":"<p>Bal\u0131kesir\u2019de d\u00fczenlenen ve 18 ilden sporcular\u0131n kat\u0131ld\u0131\u011f\u0131 grup merkezi m\u00fcsabakalar\u0131nda Isparta Spor Lisesi \u00f6\u011frencisi Dua U\u011fur birinci oldu. 5 y\u0131ld\u0131r karate ile ilgilendi\u011fini s\u00f6yleyen U\u011fur, &#8220;Babam savunma sporu yapmam\u0131 istedi\u011fi i\u00e7in bu bran\u015fa ba\u015flad\u0131m&#8221; dedi. Bal\u0131kesir\u2019de 21-22 \u015eubat 2026 tarihlerinde \u015eehit Turgut Solak Spor Salonu\u2019nda ger\u00e7ekle\u015ftirilen ve 18 ilden sporcular\u0131n kat\u0131ld\u0131\u011f\u0131 grup merkezi m\u00fcsabakalar\u0131nda Isparta&#8230;<\/p>\n","protected":false},"author":1,"featured_media":90259,"comment_status":"open","ping_status":"open","sticky":false,"template":"","format":"standard","meta":{"_crdt_document":"","footnotes":""},"categories":[4],"tags":[],"class_list":["post-90258","post","type-post","status-publish","format-standard","has-post-thumbnail","hentry","category-spor"],"_links":{"self":[{"href":"https:\/\/www.egemtv.com\/index.php?rest_route=\/wp\/v2\/posts\/90258","targetHints":{"allow":["GET"]}}],"collection":[{"href":"https:\/\/www.egemtv.com\/index.php?rest_route=\/wp\/v2\/posts"}],"about":[{"href":"https:\/\/www.egemtv.com\/index.php?rest_route=\/wp\/v2\/types\/post"}],"author":[{"embeddable":true,"href":"https:\/\/www.egemtv.com\/index.php?rest_route=\/wp\/v2\/users\/1"}],"replies":[{"embeddable":true,"href":"https:\/\/www.egemtv.com\/index.php?rest_route=%2Fwp%2Fv2%2Fcomments&post=90258"}],"version-history":[{"count":1,"href":"https:\/\/www.egemtv.com\/index.php?rest_route=\/wp\/v2\/posts\/90258\/revisions"}],"predecessor-version":[{"id":90260,"href":"https:\/\/www.egemtv.com\/index.php?rest_route=\/wp\/v2\/posts\/90258\/revisions\/90260"}],"wp:featuredmedia":[{"embeddable":true,"href":"https:\/\/www.egemtv.com\/index.php?rest_route=\/wp\/v2\/media\/90259"}],"wp:attachment":[{"href":"https:\/\/www.egemtv.com\/index.php?rest_route=%2Fwp%2Fv2%2Fmedia&parent=90258"}],"wp:term":[{"taxonomy":"category","embeddable":true,"href":"https:\/\/www.egemtv.com\/index.php?rest_route=%2Fwp%2Fv2%2Fcategories&post=90258"},{"taxonomy":"post_tag","embeddable":true,"href":"https:\/\/www.egemtv.com\/index.php?rest_route=%2Fwp%2Fv2%2Ftags&post=90258"}],"curies":[{"name":"wp","href":"https:\/\/api.w.org\/{rel}","templated":true}]}}