{"id":90255,"date":"2026-02-25T10:55:29","date_gmt":"2026-02-25T07:55:29","guid":{"rendered":"https:\/\/www.egemtv.com\/?p=90255"},"modified":"2026-02-25T10:55:30","modified_gmt":"2026-02-25T07:55:30","slug":"kutahyada-ramazan-ayinin-vazgecilmez-lezzeti-tahinli-pide","status":"publish","type":"post","link":"https:\/\/www.egemtv.com\/?p=90255","title":{"rendered":"K\u00fctahya\u2019da Ramazan ay\u0131n\u0131n vazge\u00e7ilmez lezzeti: Tahinli pide"},"content":{"rendered":"<p>K\u00fctahya\u2019da Ramazan ay\u0131n\u0131n vazge\u00e7ilmez lezzetleri aras\u0131nda yer alan tahinli pide, iftar ve sahur sofralar\u0131nda yo\u011fun ilgi g\u00f6r\u00fcyor.<br \/>\n<br \/>Odun ate\u015finde ta\u015f f\u0131r\u0131nlarda pi\u015firilen pideler, lezzetiyle damaklarda iz b\u0131rak\u0131yor. Pide ustas\u0131 Mustafa Say\u0131n, Ramazan ay\u0131nda iftar ve sahur sofralar\u0131n\u0131 s\u00fcsleyen geleneksel tahinli pidenin, lezzet tutkunlar\u0131n\u0131n vazge\u00e7ilmezleri aras\u0131nda yer ald\u0131\u011f\u0131n\u0131 s\u00f6yledi. Mustafa Say\u0131n, &#8220;Sadece Ramazan ay\u0131nda yap\u0131yoruz biz bu pideyi. Ramazandan sonra 11 ay ara veriyoruz. Tahinli pidenin tahinli, \u015fekerli tahinli, tahinli cevizli ve cevizli \u015fekerli olmak \u00fczere farkl\u0131 damaklara hitap eden 4 \u00e7e\u015fidi var. M\u00fc\u015fterilerimiz olduk\u00e7a memnun. Koca bir y\u0131l bekliyorlar ve Ramazan ay\u0131nda b\u00fcy\u00fck ilgi g\u00f6steriyorlar. \u0130\u00e7erisine sadece tahin ve ay\u00e7i\u00e7ek ya\u011f\u0131 ekliyoruz. Tercihe g\u00f6re \u015feker ilave ediyor, en son cevizlerini koyarak f\u0131r\u0131nl\u0131yoruz. Art\u0131k K\u00fctahya\u2019ya \u00f6zel bir lezzet oldu&#8221; diye konu\u015ftu.<br \/>\n<br \/>Say\u0131n, tahinli pidenin bu y\u0131l 140 TL\u2019den sat\u0131\u015fa sunuldu\u011funu da s\u00f6zlerine ekledi.<br \/><\/p>\n","protected":false},"excerpt":{"rendered":"<p>K\u00fctahya\u2019da Ramazan ay\u0131n\u0131n vazge\u00e7ilmez lezzetleri aras\u0131nda yer alan tahinli pide, iftar ve sahur sofralar\u0131nda yo\u011fun ilgi g\u00f6r\u00fcyor. Odun ate\u015finde ta\u015f f\u0131r\u0131nlarda pi\u015firilen pideler, lezzetiyle damaklarda iz b\u0131rak\u0131yor. Pide ustas\u0131 Mustafa Say\u0131n, Ramazan ay\u0131nda iftar ve sahur sofralar\u0131n\u0131 s\u00fcsleyen geleneksel tahinli pidenin, lezzet tutkunlar\u0131n\u0131n vazge\u00e7ilmezleri aras\u0131nda yer ald\u0131\u011f\u0131n\u0131 s\u00f6yledi. Mustafa Say\u0131n, &#8220;Sadece Ramazan ay\u0131nda yap\u0131yoruz biz&#8230;<\/p>\n","protected":false},"author":1,"featured_media":90256,"comment_status":"open","ping_status":"open","sticky":false,"template":"","format":"standard","meta":{"_crdt_document":"","footnotes":""},"categories":[123],"tags":[],"class_list":["post-90255","post","type-post","status-publish","format-standard","has-post-thumbnail","hentry","category-gundem"],"_links":{"self":[{"href":"https:\/\/www.egemtv.com\/index.php?rest_route=\/wp\/v2\/posts\/90255","targetHints":{"allow":["GET"]}}],"collection":[{"href":"https:\/\/www.egemtv.com\/index.php?rest_route=\/wp\/v2\/posts"}],"about":[{"href":"https:\/\/www.egemtv.com\/index.php?rest_route=\/wp\/v2\/types\/post"}],"author":[{"embeddable":true,"href":"https:\/\/www.egemtv.com\/index.php?rest_route=\/wp\/v2\/users\/1"}],"replies":[{"embeddable":true,"href":"https:\/\/www.egemtv.com\/index.php?rest_route=%2Fwp%2Fv2%2Fcomments&post=90255"}],"version-history":[{"count":1,"href":"https:\/\/www.egemtv.com\/index.php?rest_route=\/wp\/v2\/posts\/90255\/revisions"}],"predecessor-version":[{"id":90257,"href":"https:\/\/www.egemtv.com\/index.php?rest_route=\/wp\/v2\/posts\/90255\/revisions\/90257"}],"wp:featuredmedia":[{"embeddable":true,"href":"https:\/\/www.egemtv.com\/index.php?rest_route=\/wp\/v2\/media\/90256"}],"wp:attachment":[{"href":"https:\/\/www.egemtv.com\/index.php?rest_route=%2Fwp%2Fv2%2Fmedia&parent=90255"}],"wp:term":[{"taxonomy":"category","embeddable":true,"href":"https:\/\/www.egemtv.com\/index.php?rest_route=%2Fwp%2Fv2%2Fcategories&post=90255"},{"taxonomy":"post_tag","embeddable":true,"href":"https:\/\/www.egemtv.com\/index.php?rest_route=%2Fwp%2Fv2%2Ftags&post=90255"}],"curies":[{"name":"wp","href":"https:\/\/api.w.org\/{rel}","templated":true}]}}