{"id":90252,"date":"2026-02-25T10:55:28","date_gmt":"2026-02-25T07:55:28","guid":{"rendered":"https:\/\/www.egemtv.com\/?p=90252"},"modified":"2026-02-25T10:55:29","modified_gmt":"2026-02-25T07:55:29","slug":"altintas-kaymakami-aysegul-yildirim-ogrencilerle-iftarda-bulustu","status":"publish","type":"post","link":"https:\/\/www.egemtv.com\/?p=90252","title":{"rendered":"Alt\u0131nta\u015f Kaymakam\u0131 Ay\u015feg\u00fcl Y\u0131ld\u0131r\u0131m \u00f6\u011frencilerle iftarda bulu\u015ftu"},"content":{"rendered":"<p>K\u00fctahya\u2019n\u0131n Alt\u0131nta\u015f il\u00e7esinde &#8220;Maarifin Kalbinde Ramazan&#8221; etkinlikleri kapsam\u0131nda Kaymakam Ay\u015feg\u00fcl Y\u0131ld\u0131r\u0131m, \u0130TO \u015eehit S\u00fcleyman Turan Anadolu Lisesi Pansiyonunda \u00f6\u011frencilerle iftar program\u0131nda bir araya geldi.<br \/>\n<br \/>Ramazan ay\u0131n\u0131n manevi atmosferinde ger\u00e7ekle\u015fen bulu\u015fmada birlik, beraberlik ve payla\u015fma duygular\u0131 \u00f6n plana \u00e7\u0131kt\u0131. \u00d6\u011frencilerle ayn\u0131 sofray\u0131 payla\u015fan Kaymakam Ay\u015feg\u00fcl Y\u0131ld\u0131r\u0131m ve \u0130l\u00e7e Milli E\u011fitim M\u00fcd\u00fcr\u00fc Tuba Sinan, gen\u00e7lerin talep ve d\u00fc\u015f\u00fcncelerini dinleyerek samimi bir sohbet ortam\u0131 olu\u015fturdu.<br \/>\n<br \/>E\u011fitimin sadece akademik ba\u015far\u0131dan ibaret olmad\u0131\u011f\u0131, ayn\u0131 zamanda g\u00f6n\u00fcl ba\u011flar\u0131 kurmak ve \u00f6\u011frencilerin her an\u0131nda yanlar\u0131nda olmak anlam\u0131 ta\u015f\u0131d\u0131\u011f\u0131 vurgulanan gecede, ayn\u0131 sofrada bulu\u015fman\u0131n mutlulu\u011fu ya\u015fand\u0131.<br \/><\/p>\n","protected":false},"excerpt":{"rendered":"<p>K\u00fctahya\u2019n\u0131n Alt\u0131nta\u015f il\u00e7esinde &#8220;Maarifin Kalbinde Ramazan&#8221; etkinlikleri kapsam\u0131nda Kaymakam Ay\u015feg\u00fcl Y\u0131ld\u0131r\u0131m, \u0130TO \u015eehit S\u00fcleyman Turan Anadolu Lisesi Pansiyonunda \u00f6\u011frencilerle iftar program\u0131nda bir araya geldi. Ramazan ay\u0131n\u0131n manevi atmosferinde ger\u00e7ekle\u015fen bulu\u015fmada birlik, beraberlik ve payla\u015fma duygular\u0131 \u00f6n plana \u00e7\u0131kt\u0131. \u00d6\u011frencilerle ayn\u0131 sofray\u0131 payla\u015fan Kaymakam Ay\u015feg\u00fcl Y\u0131ld\u0131r\u0131m ve \u0130l\u00e7e Milli E\u011fitim M\u00fcd\u00fcr\u00fc Tuba Sinan, gen\u00e7lerin talep ve&#8230;<\/p>\n","protected":false},"author":1,"featured_media":90253,"comment_status":"open","ping_status":"open","sticky":false,"template":"","format":"standard","meta":{"_crdt_document":"","footnotes":""},"categories":[123],"tags":[],"class_list":["post-90252","post","type-post","status-publish","format-standard","has-post-thumbnail","hentry","category-gundem"],"_links":{"self":[{"href":"https:\/\/www.egemtv.com\/index.php?rest_route=\/wp\/v2\/posts\/90252","targetHints":{"allow":["GET"]}}],"collection":[{"href":"https:\/\/www.egemtv.com\/index.php?rest_route=\/wp\/v2\/posts"}],"about":[{"href":"https:\/\/www.egemtv.com\/index.php?rest_route=\/wp\/v2\/types\/post"}],"author":[{"embeddable":true,"href":"https:\/\/www.egemtv.com\/index.php?rest_route=\/wp\/v2\/users\/1"}],"replies":[{"embeddable":true,"href":"https:\/\/www.egemtv.com\/index.php?rest_route=%2Fwp%2Fv2%2Fcomments&post=90252"}],"version-history":[{"count":1,"href":"https:\/\/www.egemtv.com\/index.php?rest_route=\/wp\/v2\/posts\/90252\/revisions"}],"predecessor-version":[{"id":90254,"href":"https:\/\/www.egemtv.com\/index.php?rest_route=\/wp\/v2\/posts\/90252\/revisions\/90254"}],"wp:featuredmedia":[{"embeddable":true,"href":"https:\/\/www.egemtv.com\/index.php?rest_route=\/wp\/v2\/media\/90253"}],"wp:attachment":[{"href":"https:\/\/www.egemtv.com\/index.php?rest_route=%2Fwp%2Fv2%2Fmedia&parent=90252"}],"wp:term":[{"taxonomy":"category","embeddable":true,"href":"https:\/\/www.egemtv.com\/index.php?rest_route=%2Fwp%2Fv2%2Fcategories&post=90252"},{"taxonomy":"post_tag","embeddable":true,"href":"https:\/\/www.egemtv.com\/index.php?rest_route=%2Fwp%2Fv2%2Ftags&post=90252"}],"curies":[{"name":"wp","href":"https:\/\/api.w.org\/{rel}","templated":true}]}}