{"id":90249,"date":"2026-02-25T10:35:03","date_gmt":"2026-02-25T07:35:03","guid":{"rendered":"https:\/\/www.egemtv.com\/?p=90249"},"modified":"2026-02-25T10:35:03","modified_gmt":"2026-02-25T07:35:03","slug":"nazillide-incir-ureticileri-bilincleniyor","status":"publish","type":"post","link":"https:\/\/www.egemtv.com\/?p=90249","title":{"rendered":"Nazilli\u2019de incir \u00fcreticileri bilin\u00e7leniyor"},"content":{"rendered":"<p>Ayd\u0131n\u2019\u0131n Nazilli il\u00e7esinde yeti\u015ftiricilikten, depolamaya ve hastal\u0131kla m\u00fccadeleye kadar geni\u015f kapsaml\u0131 olarak ger\u00e7ekle\u015ftirilecek olan e\u011fitimler ile incir \u00fcreticileri bilin\u00e7lendirilecek.<\/p>\n<p>Ayd\u0131n\u2019\u0131n \u00f6nemli ihracat \u00fcr\u00fcnlerinden olan incirde kalitenin art\u0131r\u0131lmas\u0131 ve \u00fcreticinin bilin\u00e7li tar\u0131m yapmas\u0131 ad\u0131na ger\u00e7ekle\u015ftirilen \u00e7al\u0131\u015fmalar s\u00fcr\u00fcyor. Bu kapsamda Nazilli \u0130l\u00e7e Tar\u0131m ve Orman M\u00fcd\u00fcrl\u00fc\u011f\u00fc koordinesinde incir \u00fcreticilerine y\u00f6nelik &#8220;\u0130ncir Yeti\u015ftiricili\u011fi, Hastal\u0131k, Depolama, Muhafaza ve G\u0131da G\u00fcvenirlili\u011fi&#8221; e\u011fitimi verilecek. \u00dcreticilere modern yeti\u015ftiricilik tekniklerinden hastal\u0131klarla m\u00fccadeleye, depolama ve muhafaza \u015fartlar\u0131ndan g\u0131da g\u00fcvenilirli\u011fine kadar bir\u00e7ok ba\u015fl\u0131kta kapsaml\u0131 bilgilendirme yap\u0131lacak. E\u011fitim program\u0131 26 \u015eubat 2026 Per\u015fembe g\u00fcn\u00fc saat 11.00\u2019de d\u00fczenlenecek.<br \/><\/p>\n","protected":false},"excerpt":{"rendered":"<p>Ayd\u0131n\u2019\u0131n Nazilli il\u00e7esinde yeti\u015ftiricilikten, depolamaya ve hastal\u0131kla m\u00fccadeleye kadar geni\u015f kapsaml\u0131 olarak ger\u00e7ekle\u015ftirilecek olan e\u011fitimler ile incir \u00fcreticileri bilin\u00e7lendirilecek. Ayd\u0131n\u2019\u0131n \u00f6nemli ihracat \u00fcr\u00fcnlerinden olan incirde kalitenin art\u0131r\u0131lmas\u0131 ve \u00fcreticinin bilin\u00e7li tar\u0131m yapmas\u0131 ad\u0131na ger\u00e7ekle\u015ftirilen \u00e7al\u0131\u015fmalar s\u00fcr\u00fcyor. Bu kapsamda Nazilli \u0130l\u00e7e Tar\u0131m ve Orman M\u00fcd\u00fcrl\u00fc\u011f\u00fc koordinesinde incir \u00fcreticilerine y\u00f6nelik &#8220;\u0130ncir Yeti\u015ftiricili\u011fi, Hastal\u0131k, Depolama, Muhafaza ve G\u0131da&#8230;<\/p>\n","protected":false},"author":1,"featured_media":90250,"comment_status":"open","ping_status":"open","sticky":false,"template":"","format":"standard","meta":{"_crdt_document":"","footnotes":""},"categories":[1],"tags":[],"class_list":["post-90249","post","type-post","status-publish","format-standard","has-post-thumbnail","hentry","category-guncel"],"_links":{"self":[{"href":"https:\/\/www.egemtv.com\/index.php?rest_route=\/wp\/v2\/posts\/90249","targetHints":{"allow":["GET"]}}],"collection":[{"href":"https:\/\/www.egemtv.com\/index.php?rest_route=\/wp\/v2\/posts"}],"about":[{"href":"https:\/\/www.egemtv.com\/index.php?rest_route=\/wp\/v2\/types\/post"}],"author":[{"embeddable":true,"href":"https:\/\/www.egemtv.com\/index.php?rest_route=\/wp\/v2\/users\/1"}],"replies":[{"embeddable":true,"href":"https:\/\/www.egemtv.com\/index.php?rest_route=%2Fwp%2Fv2%2Fcomments&post=90249"}],"version-history":[{"count":1,"href":"https:\/\/www.egemtv.com\/index.php?rest_route=\/wp\/v2\/posts\/90249\/revisions"}],"predecessor-version":[{"id":90251,"href":"https:\/\/www.egemtv.com\/index.php?rest_route=\/wp\/v2\/posts\/90249\/revisions\/90251"}],"wp:featuredmedia":[{"embeddable":true,"href":"https:\/\/www.egemtv.com\/index.php?rest_route=\/wp\/v2\/media\/90250"}],"wp:attachment":[{"href":"https:\/\/www.egemtv.com\/index.php?rest_route=%2Fwp%2Fv2%2Fmedia&parent=90249"}],"wp:term":[{"taxonomy":"category","embeddable":true,"href":"https:\/\/www.egemtv.com\/index.php?rest_route=%2Fwp%2Fv2%2Fcategories&post=90249"},{"taxonomy":"post_tag","embeddable":true,"href":"https:\/\/www.egemtv.com\/index.php?rest_route=%2Fwp%2Fv2%2Ftags&post=90249"}],"curies":[{"name":"wp","href":"https:\/\/api.w.org\/{rel}","templated":true}]}}