{"id":90246,"date":"2026-02-25T10:35:01","date_gmt":"2026-02-25T07:35:01","guid":{"rendered":"https:\/\/www.egemtv.com\/?p=90246"},"modified":"2026-02-25T10:35:02","modified_gmt":"2026-02-25T07:35:02","slug":"mugla-112-acil-cagri-merkezinde-yemin-heyecani","status":"publish","type":"post","link":"https:\/\/www.egemtv.com\/?p=90246","title":{"rendered":"Mu\u011fla 112 Acil \u00c7a\u011fr\u0131 Merkezi\u2019nde yemin heyecan\u0131"},"content":{"rendered":"<p>112 Acil \u00c7a\u011fr\u0131 Merkezi b\u00fcnyesinde asaletleri tasdik edilerek Koruma G\u00f6revlisi, Destek Personeli ve \u015eof\u00f6r kadrolar\u0131na atanan personel i\u00e7in &#8220;Devlet Memurlar\u0131 Yemin T\u00f6reni&#8221; d\u00fczenlendi.<\/p>\n<p>T\u00f6rende personellere hitaben anlaml\u0131 bir konu\u015fma ger\u00e7ekle\u015ftiren 112 Acil \u00c7a\u011fr\u0131 Merkezi M\u00fcd\u00fcr\u00fc Kamil Karakaya, devlet memurlu\u011funun sadece bir unvan veya kadro de\u011fil, millete kar\u015f\u0131 ta\u015f\u0131nan b\u00fcy\u00fck bir emanet oldu\u011funun alt\u0131n\u0131 \u00e7izdi.<\/p>\n<p>Kamu hizmetinde sadakatin ve disiplinin \u00f6nemine de\u011finen Karakaya \u015funlar\u0131 s\u00f6yledi:<br \/>\n<br \/>&#8220;Devlet memurlu\u011fu; tarafs\u0131zl\u0131k, demokrasiye ba\u011fl\u0131l\u0131k, inan\u00e7lara sayg\u0131 ve hukukun \u00fcst\u00fcnl\u00fc\u011f\u00fc ilkeleri \u00fczerine in\u015fa edilmi\u015ftir. Adalet ve emanet bilinci bizim hem k\u00fclt\u00fcrel miras\u0131m\u0131z hem de anayasal sorumlulu\u011fumuzdur. Unutmay\u0131n ki; vatan\u0131n\u0131 en \u00e7ok seven, g\u00f6revini en iyi yapand\u0131r&#8221;<\/p>\n<p>T\u00f6ren boyunca yeni atanan personellerin heyecan\u0131 ve sorumluluk bilinci dikkatlerden ka\u00e7mad\u0131. Adayl\u0131k s\u00fcre\u00e7lerini ba\u015far\u0131yla tamamlayarak asil memurlu\u011fa hak kazanan \u00e7al\u0131\u015fanlar, yemin \u00f6ncesindeki vakur duru\u015flar\u0131 ve kararl\u0131 ifadeleriyle \u00fcstlendikleri g\u00f6revin kutsall\u0131\u011f\u0131n\u0131 aidiyetlerini g\u00f6sterdiler.<\/p>\n<p>Karakaya\u2019n\u0131n ekip ruhuna vurgu yapt\u0131\u011f\u0131 konu\u015fmas\u0131n\u0131n ard\u0131ndan, personel ellerini T\u00fcrk Bayra\u011f\u0131 \u00fczerine koyarak Devlet Memurlar\u0131 Yemini\u2019ni etti. Yemin t\u00f6reniyle birlikte resmi g\u00f6revlerine asil devlet memuru olarak ba\u015flayan \u00e7al\u0131\u015fanlar, T\u00fcrk bayra\u011f\u0131 ve anayasaya sadakatle hizmet edeceklerinin s\u00f6z\u00fcn\u00fc verdi.<br \/>\n<br \/>T\u00f6ren, hat\u0131ra foto\u011fraflar\u0131n\u0131n \u00e7ekilmesi ve tebriklerin kabul edilmesinin ard\u0131ndan sona erdi.<br \/><\/p>\n","protected":false},"excerpt":{"rendered":"<p>112 Acil \u00c7a\u011fr\u0131 Merkezi b\u00fcnyesinde asaletleri tasdik edilerek Koruma G\u00f6revlisi, Destek Personeli ve \u015eof\u00f6r kadrolar\u0131na atanan personel i\u00e7in &#8220;Devlet Memurlar\u0131 Yemin T\u00f6reni&#8221; d\u00fczenlendi. T\u00f6rende personellere hitaben anlaml\u0131 bir konu\u015fma ger\u00e7ekle\u015ftiren 112 Acil \u00c7a\u011fr\u0131 Merkezi M\u00fcd\u00fcr\u00fc Kamil Karakaya, devlet memurlu\u011funun sadece bir unvan veya kadro de\u011fil, millete kar\u015f\u0131 ta\u015f\u0131nan b\u00fcy\u00fck bir emanet oldu\u011funun alt\u0131n\u0131 \u00e7izdi. Kamu&#8230;<\/p>\n","protected":false},"author":1,"featured_media":90247,"comment_status":"open","ping_status":"open","sticky":false,"template":"","format":"standard","meta":{"_crdt_document":"","footnotes":""},"categories":[1],"tags":[],"class_list":["post-90246","post","type-post","status-publish","format-standard","has-post-thumbnail","hentry","category-guncel"],"_links":{"self":[{"href":"https:\/\/www.egemtv.com\/index.php?rest_route=\/wp\/v2\/posts\/90246","targetHints":{"allow":["GET"]}}],"collection":[{"href":"https:\/\/www.egemtv.com\/index.php?rest_route=\/wp\/v2\/posts"}],"about":[{"href":"https:\/\/www.egemtv.com\/index.php?rest_route=\/wp\/v2\/types\/post"}],"author":[{"embeddable":true,"href":"https:\/\/www.egemtv.com\/index.php?rest_route=\/wp\/v2\/users\/1"}],"replies":[{"embeddable":true,"href":"https:\/\/www.egemtv.com\/index.php?rest_route=%2Fwp%2Fv2%2Fcomments&post=90246"}],"version-history":[{"count":1,"href":"https:\/\/www.egemtv.com\/index.php?rest_route=\/wp\/v2\/posts\/90246\/revisions"}],"predecessor-version":[{"id":90248,"href":"https:\/\/www.egemtv.com\/index.php?rest_route=\/wp\/v2\/posts\/90246\/revisions\/90248"}],"wp:featuredmedia":[{"embeddable":true,"href":"https:\/\/www.egemtv.com\/index.php?rest_route=\/wp\/v2\/media\/90247"}],"wp:attachment":[{"href":"https:\/\/www.egemtv.com\/index.php?rest_route=%2Fwp%2Fv2%2Fmedia&parent=90246"}],"wp:term":[{"taxonomy":"category","embeddable":true,"href":"https:\/\/www.egemtv.com\/index.php?rest_route=%2Fwp%2Fv2%2Fcategories&post=90246"},{"taxonomy":"post_tag","embeddable":true,"href":"https:\/\/www.egemtv.com\/index.php?rest_route=%2Fwp%2Fv2%2Ftags&post=90246"}],"curies":[{"name":"wp","href":"https:\/\/api.w.org\/{rel}","templated":true}]}}