{"id":90243,"date":"2026-02-25T10:35:00","date_gmt":"2026-02-25T07:35:00","guid":{"rendered":"https:\/\/www.egemtv.com\/?p=90243"},"modified":"2026-02-25T10:35:01","modified_gmt":"2026-02-25T07:35:01","slug":"tarim-teskilati-koyunu-9-doguran-besiciyi-ziyaret-etti","status":"publish","type":"post","link":"https:\/\/www.egemtv.com\/?p=90243","title":{"rendered":"Tar\u0131m te\u015fkilat\u0131 koyunu 9 do\u011furan besiciyi ziyaret etti"},"content":{"rendered":"<p>Denizli\u2019nin Pamukkale il\u00e7esinde faaliyet g\u00f6steren k\u00fc\u00e7\u00fckba\u015f hayvan \u00e7iftlikteki Sak\u0131z cinsi koyunlardan birisi bir bat\u0131nda 9 yavru d\u00fcnyaya getirdi. Tar\u0131m \u0130l M\u00fcd\u00fcrl\u00fc\u011f\u00fc yetkilileri nadir g\u00f6r\u00fclen bir ba\u015far\u0131ya imza atan yeti\u015ftiricileri tebrik etti.<\/p>\n<p>Pamukkale il\u00e7esine ba\u011fl\u0131 P\u0131narkent Mahallesi\u2019nde s\u00fcrd\u00fcr\u00fclen hayvanc\u0131l\u0131k faaliyetlerinde s\u0131ra d\u0131\u015f\u0131 bir ba\u015far\u0131ya imza at\u0131ld\u0131. Ya\u015fl\u0131 kad\u0131n \u00e7ift\u00e7i Perihan Do\u011fan\u2019\u0131n o\u011fullar\u0131 Cemil ve Atilla Do\u011fan ile birlikte i\u015fletti\u011fi P\u0131narkent Mahallesi\u2019ndeki k\u00fc\u00e7\u00fckba\u015f hayvan \u00e7iftli\u011findeki 250 koyundan biri olan  3 ya\u015f\u0131ndaki \u2019\u00c7e\u015fme sak\u0131z\u0131\u2019 cinsi koyun, ge\u00e7en hafta bir bat\u0131nda 9 kuzu d\u00fcnyaya getirdi. Geve hayvanlar\u0131n\u0131 kontrol etmek i\u00e7in a\u011f\u0131la girdiklerinde koyunun bir bat\u0131nda 9 yavru do\u011furdu\u011funu g\u00f6ren yeti\u015ftiriciler b\u00fcy\u00fck \u015fa\u015fk\u0131nl\u0131k ve sevin\u00e7 ya\u015fad\u0131. D\u00fcnyada nadir g\u00f6r\u00fclen bir do\u011fumda 3\u2019\u00fc di\u015fi 9 kuzu do\u011furan koyun, yavrular\u0131yla birlikte ayr\u0131 bir alanda \u00f6zel bak\u0131ma al\u0131nd\u0131.<\/p>\n<p>Bu sevindirici geli\u015fme sonras\u0131 Tar\u0131m \u0130l M\u00fcd\u00fcr\u00fc Mustafa Nevzat Zayim, \u0130l M\u00fcd\u00fcr Yard\u0131mc\u0131s\u0131 Mehmet Akif \u015eeny\u00fcrek, Hayvan Sa\u011fl\u0131\u011f\u0131 ve Yeti\u015ftiricili\u011fi \u015eube M\u00fcd\u00fcr\u00fc Mehmet Sinan Bulut, Denizli Koyun-Ke\u00e7i Yeti\u015ftiricileri Birli\u011fi Ba\u015fkan\u0131 Kadir \u00d6zdemir ile birlikte i\u015fletmeyi ziyaret ederek, yeti\u015ftiricileri tebrik etti. Ziyarette kuzular\u0131n sa\u011fl\u0131k durumlar\u0131 yerinde incelendi, i\u015fletmenin \u00e7al\u0131\u015fmalar\u0131 hakk\u0131nda bilgi ald\u0131.<\/p>\n<p>Ayd\u0131n\u2019dan 6 y\u0131l \u00f6nce getirttikleri 4 adet \u00c7e\u015fme sak\u0131z\u0131 cinsi koyunla hayvanl\u0131\u011fa ba\u015flad\u0131klar\u0131n\u0131 belirten Cemil Do\u011fan, &#8220;Ald\u0131\u011f\u0131m\u0131z koyunlar 4 ve 5\u2019\u015fer do\u011fumlar yapmaya ba\u015flay\u0131nca hayvanc\u0131l\u0131\u011fa y\u00f6neldik. \u015euan 250 hayvanl\u0131k bir \u00e7iftli\u011fe ula\u015ft\u0131k. Y\u0131lda iki defa yavru ald\u0131\u011f\u0131m\u0131z \u00c7e\u015fme sak\u0131z\u0131 koyunlar\u0131m\u0131zdan birinin bir bat\u0131nda 9 kuzu do\u011furdu\u011funu g\u00f6r\u00fcnce hem sevindik hem de \u015fa\u015f\u0131rd\u0131k. Daha \u00f6nce en fazla bir seferde en fazla 7 yavrumuz olmu\u015ftu&#8221; dedi.<\/p>\n<p>Yeti\u015ftiriciyi ba\u015far\u0131l\u0131 hayvanc\u0131l\u0131k faaliyetleri i\u00e7in tebrik eden Tar\u0131m \u0130l M\u00fcd\u00fcr\u00fc Mustafa Nevzat Zayim, &#8220;Koyunlar\u0131n tek seferde 5 ya da 6 yavru do\u011furdu\u011funa kar\u015f\u0131la\u015fm\u0131\u015ft\u0131k. Ancak 9 yavru d\u00fcnyaya getiren koyun \u00e7ok nadirdir. Bu durum koyunun do\u011fru beslenmesi ve yumurta verimi ile ko\u00e7un da d\u00f6l verimiyle alakal\u0131d\u0131r. Do\u011fan karde\u015fleri y\u00fcrekten kutluyor, bereketli ve bol kazan\u00e7lar diliyoruz&#8221; diye konu\u015ftu.<br \/><\/p>\n","protected":false},"excerpt":{"rendered":"<p>Denizli\u2019nin Pamukkale il\u00e7esinde faaliyet g\u00f6steren k\u00fc\u00e7\u00fckba\u015f hayvan \u00e7iftlikteki Sak\u0131z cinsi koyunlardan birisi bir bat\u0131nda 9 yavru d\u00fcnyaya getirdi. Tar\u0131m \u0130l M\u00fcd\u00fcrl\u00fc\u011f\u00fc yetkilileri nadir g\u00f6r\u00fclen bir ba\u015far\u0131ya imza atan yeti\u015ftiricileri tebrik etti. Pamukkale il\u00e7esine ba\u011fl\u0131 P\u0131narkent Mahallesi\u2019nde s\u00fcrd\u00fcr\u00fclen hayvanc\u0131l\u0131k faaliyetlerinde s\u0131ra d\u0131\u015f\u0131 bir ba\u015far\u0131ya imza at\u0131ld\u0131. Ya\u015fl\u0131 kad\u0131n \u00e7ift\u00e7i Perihan Do\u011fan\u2019\u0131n o\u011fullar\u0131 Cemil ve Atilla Do\u011fan&#8230;<\/p>\n","protected":false},"author":1,"featured_media":90244,"comment_status":"open","ping_status":"open","sticky":false,"template":"","format":"standard","meta":{"_crdt_document":"","footnotes":""},"categories":[125],"tags":[],"class_list":["post-90243","post","type-post","status-publish","format-standard","has-post-thumbnail","hentry","category-ekonomi"],"_links":{"self":[{"href":"https:\/\/www.egemtv.com\/index.php?rest_route=\/wp\/v2\/posts\/90243","targetHints":{"allow":["GET"]}}],"collection":[{"href":"https:\/\/www.egemtv.com\/index.php?rest_route=\/wp\/v2\/posts"}],"about":[{"href":"https:\/\/www.egemtv.com\/index.php?rest_route=\/wp\/v2\/types\/post"}],"author":[{"embeddable":true,"href":"https:\/\/www.egemtv.com\/index.php?rest_route=\/wp\/v2\/users\/1"}],"replies":[{"embeddable":true,"href":"https:\/\/www.egemtv.com\/index.php?rest_route=%2Fwp%2Fv2%2Fcomments&post=90243"}],"version-history":[{"count":1,"href":"https:\/\/www.egemtv.com\/index.php?rest_route=\/wp\/v2\/posts\/90243\/revisions"}],"predecessor-version":[{"id":90245,"href":"https:\/\/www.egemtv.com\/index.php?rest_route=\/wp\/v2\/posts\/90243\/revisions\/90245"}],"wp:featuredmedia":[{"embeddable":true,"href":"https:\/\/www.egemtv.com\/index.php?rest_route=\/wp\/v2\/media\/90244"}],"wp:attachment":[{"href":"https:\/\/www.egemtv.com\/index.php?rest_route=%2Fwp%2Fv2%2Fmedia&parent=90243"}],"wp:term":[{"taxonomy":"category","embeddable":true,"href":"https:\/\/www.egemtv.com\/index.php?rest_route=%2Fwp%2Fv2%2Fcategories&post=90243"},{"taxonomy":"post_tag","embeddable":true,"href":"https:\/\/www.egemtv.com\/index.php?rest_route=%2Fwp%2Fv2%2Ftags&post=90243"}],"curies":[{"name":"wp","href":"https:\/\/api.w.org\/{rel}","templated":true}]}}