{"id":90240,"date":"2026-02-25T10:15:00","date_gmt":"2026-02-25T07:15:00","guid":{"rendered":"https:\/\/www.egemtv.com\/?p=90240"},"modified":"2026-02-25T10:15:01","modified_gmt":"2026-02-25T07:15:01","slug":"baskan-zencirci-ramazanin-bereketini-paylasarak-cogaltiyoruz","status":"publish","type":"post","link":"https:\/\/www.egemtv.com\/?p=90240","title":{"rendered":"Ba\u015fkan Zencirci: &#8220;Ramazan\u2019\u0131n bereketini payla\u015farak \u00e7o\u011falt\u0131yoruz&#8221;"},"content":{"rendered":"<p>Germencik Belediyesi ve g\u00f6n\u00fcll\u00fc f\u0131r\u0131nc\u0131lar\u0131n i\u015fbirli\u011fiyle Ramazan ay\u0131 boyunca ihtiya\u00e7 sahiplerine s\u0131cak pide da\u011f\u0131t\u0131m\u0131 yap\u0131l\u0131rken, Belediye Ba\u015fkan\u0131 Burak Zencirci, &#8220;Ramazan\u2019\u0131n bereketini payla\u015farak \u00e7o\u011falt\u0131yoruz&#8221; dedi.<\/p>\n<p>On bir ay\u0131n sultan\u0131 Ramazan ay\u0131n\u0131n gelmesiyle birlikte Germencik Belediyesi ihtiya\u00e7 sahiplerine y\u00f6nelik \u00e7al\u0131\u015fmalar\u0131na h\u0131z kazand\u0131rd\u0131. Bu kapsamda Belediye Ba\u015fkan\u0131 Burak Zencirci \u00f6nc\u00fcl\u00fc\u011f\u00fcnde \u2019S\u0131cak Pide\u2019 \u00e7al\u0131\u015fmas\u0131 ba\u015flat\u0131ld\u0131. \u0130l\u00e7edeki g\u00f6n\u00fcll\u00fc esnaflar\u0131n da deste\u011fi ile hayata ge\u00e7irilen \u00e7al\u0131\u015fma ile Ramazan ay\u0131 boyunca her g\u00fcn \u00e7\u0131kar\u0131lan s\u0131cak pideler, Germencik Belediyesi Sosyal A\u011f\u0131 (GESA) ekiplerince kap\u0131 kap\u0131 dola\u015f\u0131larak ihtiya\u00e7 sahiplerine da\u011f\u0131t\u0131l\u0131yor.<\/p>\n<p>\u0130yili\u011fin payla\u015ft\u0131k\u00e7a \u00e7o\u011fald\u0131\u011f\u0131n\u0131 vurgulayan Germencik Belediye Ba\u015fkan\u0131 Burak Zencirci, &#8220;Ramazan\u2019\u0131n bereketini payla\u015farak \u00e7o\u011falt\u0131yoruz. Germencik\u2019te hi\u00e7 bir vatanda\u015f\u0131m\u0131z kendini yaln\u0131z hissetmesin, hi\u00e7 bir vatanda\u015f\u0131m\u0131z\u0131n sofras\u0131 eksik kalmas\u0131n diye her haneye dayan\u0131\u015fman\u0131n g\u00fczelli\u011fi ve payla\u015fman\u0131n bereketi ula\u015fs\u0131n istiyoruz. Ramazan boyunca s\u0131cak pidelerimizi g\u00f6n\u00fcll\u00fc f\u0131r\u0131nc\u0131 esnaflar\u0131m\u0131z\u0131n destekleriyle GESA \u00e7at\u0131s\u0131 alt\u0131nda ihtiya\u00e7 sahibi vatanda\u015flar\u0131m\u0131za kap\u0131 kap\u0131 dola\u015farak ula\u015ft\u0131r\u0131yoruz. \u00c7\u00fcnk\u00fc biz biliyoruz ki, iyilik payla\u015ft\u0131k\u00e7a \u00e7o\u011fal\u0131r&#8221; dedi.<br \/><\/p>\n","protected":false},"excerpt":{"rendered":"<p>Germencik Belediyesi ve g\u00f6n\u00fcll\u00fc f\u0131r\u0131nc\u0131lar\u0131n i\u015fbirli\u011fiyle Ramazan ay\u0131 boyunca ihtiya\u00e7 sahiplerine s\u0131cak pide da\u011f\u0131t\u0131m\u0131 yap\u0131l\u0131rken, Belediye Ba\u015fkan\u0131 Burak Zencirci, &#8220;Ramazan\u2019\u0131n bereketini payla\u015farak \u00e7o\u011falt\u0131yoruz&#8221; dedi. On bir ay\u0131n sultan\u0131 Ramazan ay\u0131n\u0131n gelmesiyle birlikte Germencik Belediyesi ihtiya\u00e7 sahiplerine y\u00f6nelik \u00e7al\u0131\u015fmalar\u0131na h\u0131z kazand\u0131rd\u0131. Bu kapsamda Belediye Ba\u015fkan\u0131 Burak Zencirci \u00f6nc\u00fcl\u00fc\u011f\u00fcnde \u2019S\u0131cak Pide\u2019 \u00e7al\u0131\u015fmas\u0131 ba\u015flat\u0131ld\u0131. \u0130l\u00e7edeki g\u00f6n\u00fcll\u00fc esnaflar\u0131n da&#8230;<\/p>\n","protected":false},"author":1,"featured_media":90241,"comment_status":"open","ping_status":"open","sticky":false,"template":"","format":"standard","meta":{"_crdt_document":"","footnotes":""},"categories":[1],"tags":[],"class_list":["post-90240","post","type-post","status-publish","format-standard","has-post-thumbnail","hentry","category-guncel"],"_links":{"self":[{"href":"https:\/\/www.egemtv.com\/index.php?rest_route=\/wp\/v2\/posts\/90240","targetHints":{"allow":["GET"]}}],"collection":[{"href":"https:\/\/www.egemtv.com\/index.php?rest_route=\/wp\/v2\/posts"}],"about":[{"href":"https:\/\/www.egemtv.com\/index.php?rest_route=\/wp\/v2\/types\/post"}],"author":[{"embeddable":true,"href":"https:\/\/www.egemtv.com\/index.php?rest_route=\/wp\/v2\/users\/1"}],"replies":[{"embeddable":true,"href":"https:\/\/www.egemtv.com\/index.php?rest_route=%2Fwp%2Fv2%2Fcomments&post=90240"}],"version-history":[{"count":1,"href":"https:\/\/www.egemtv.com\/index.php?rest_route=\/wp\/v2\/posts\/90240\/revisions"}],"predecessor-version":[{"id":90242,"href":"https:\/\/www.egemtv.com\/index.php?rest_route=\/wp\/v2\/posts\/90240\/revisions\/90242"}],"wp:featuredmedia":[{"embeddable":true,"href":"https:\/\/www.egemtv.com\/index.php?rest_route=\/wp\/v2\/media\/90241"}],"wp:attachment":[{"href":"https:\/\/www.egemtv.com\/index.php?rest_route=%2Fwp%2Fv2%2Fmedia&parent=90240"}],"wp:term":[{"taxonomy":"category","embeddable":true,"href":"https:\/\/www.egemtv.com\/index.php?rest_route=%2Fwp%2Fv2%2Fcategories&post=90240"},{"taxonomy":"post_tag","embeddable":true,"href":"https:\/\/www.egemtv.com\/index.php?rest_route=%2Fwp%2Fv2%2Ftags&post=90240"}],"curies":[{"name":"wp","href":"https:\/\/api.w.org\/{rel}","templated":true}]}}