{"id":90228,"date":"2026-02-25T10:14:56","date_gmt":"2026-02-25T07:14:56","guid":{"rendered":"https:\/\/www.egemtv.com\/?p=90228"},"modified":"2026-02-25T10:14:57","modified_gmt":"2026-02-25T07:14:57","slug":"burdurda-mustakil-evin-bacisinda-yangin","status":"publish","type":"post","link":"https:\/\/www.egemtv.com\/?p=90228","title":{"rendered":"Burdur\u2019da m\u00fcstakil evin bac\u0131s\u0131nda yang\u0131n"},"content":{"rendered":"<p>Burdur\u2019da m\u00fcstakil evin bacas\u0131nda \u00e7\u0131kan yang\u0131n itfaiye ekipleri taraf\u0131ndan s\u00f6nd\u00fcr\u00fcld\u00fc.<br \/>\n<br \/>Yang\u0131n, gece saatlerinde \u00dc\u00e7dibek Mahallesi Onur Sokak \u00fczerinde bulunan m\u00fcstakil evde meydana geldi. Edinilen bilgiye g\u00f6re, evin bacas\u0131nda hen\u00fcz bilinmeyen bir nedenle yang\u0131n \u00e7\u0131kt\u0131. Durumu fark eden vatanda\u015flar\u0131n ihbar\u0131 \u00fczerine adrese itfaiye ve polis ekipleri sevk edildi. \u0130tfaiye ekipleri taraf\u0131ndan yang\u0131n k\u0131sa s\u00fcrede kontrol alt\u0131na al\u0131narak s\u00f6nd\u00fcr\u00fcld\u00fc.<br \/><\/p>\n","protected":false},"excerpt":{"rendered":"<p>Burdur\u2019da m\u00fcstakil evin bacas\u0131nda \u00e7\u0131kan yang\u0131n itfaiye ekipleri taraf\u0131ndan s\u00f6nd\u00fcr\u00fcld\u00fc. Yang\u0131n, gece saatlerinde \u00dc\u00e7dibek Mahallesi Onur Sokak \u00fczerinde bulunan m\u00fcstakil evde meydana geldi. Edinilen bilgiye g\u00f6re, evin bacas\u0131nda hen\u00fcz bilinmeyen bir nedenle yang\u0131n \u00e7\u0131kt\u0131. Durumu fark eden vatanda\u015flar\u0131n ihbar\u0131 \u00fczerine adrese itfaiye ve polis ekipleri sevk edildi. \u0130tfaiye ekipleri taraf\u0131ndan yang\u0131n k\u0131sa s\u00fcrede kontrol alt\u0131na&#8230;<\/p>\n","protected":false},"author":1,"featured_media":90229,"comment_status":"open","ping_status":"open","sticky":false,"template":"","format":"standard","meta":{"_crdt_document":"","footnotes":""},"categories":[5],"tags":[],"class_list":["post-90228","post","type-post","status-publish","format-standard","has-post-thumbnail","hentry","category-asayis"],"_links":{"self":[{"href":"https:\/\/www.egemtv.com\/index.php?rest_route=\/wp\/v2\/posts\/90228","targetHints":{"allow":["GET"]}}],"collection":[{"href":"https:\/\/www.egemtv.com\/index.php?rest_route=\/wp\/v2\/posts"}],"about":[{"href":"https:\/\/www.egemtv.com\/index.php?rest_route=\/wp\/v2\/types\/post"}],"author":[{"embeddable":true,"href":"https:\/\/www.egemtv.com\/index.php?rest_route=\/wp\/v2\/users\/1"}],"replies":[{"embeddable":true,"href":"https:\/\/www.egemtv.com\/index.php?rest_route=%2Fwp%2Fv2%2Fcomments&post=90228"}],"version-history":[{"count":1,"href":"https:\/\/www.egemtv.com\/index.php?rest_route=\/wp\/v2\/posts\/90228\/revisions"}],"predecessor-version":[{"id":90230,"href":"https:\/\/www.egemtv.com\/index.php?rest_route=\/wp\/v2\/posts\/90228\/revisions\/90230"}],"wp:featuredmedia":[{"embeddable":true,"href":"https:\/\/www.egemtv.com\/index.php?rest_route=\/wp\/v2\/media\/90229"}],"wp:attachment":[{"href":"https:\/\/www.egemtv.com\/index.php?rest_route=%2Fwp%2Fv2%2Fmedia&parent=90228"}],"wp:term":[{"taxonomy":"category","embeddable":true,"href":"https:\/\/www.egemtv.com\/index.php?rest_route=%2Fwp%2Fv2%2Fcategories&post=90228"},{"taxonomy":"post_tag","embeddable":true,"href":"https:\/\/www.egemtv.com\/index.php?rest_route=%2Fwp%2Fv2%2Ftags&post=90228"}],"curies":[{"name":"wp","href":"https:\/\/api.w.org\/{rel}","templated":true}]}}