{"id":90225,"date":"2026-02-25T09:55:34","date_gmt":"2026-02-25T06:55:34","guid":{"rendered":"https:\/\/www.egemtv.com\/?p=90225"},"modified":"2026-02-25T09:55:35","modified_gmt":"2026-02-25T06:55:35","slug":"kusadasindaki-sergi-edebiyat-ve-fotografi-bulusturdu","status":"publish","type":"post","link":"https:\/\/www.egemtv.com\/?p=90225","title":{"rendered":"Ku\u015fadas\u0131\u2019ndaki sergi edebiyat ve foto\u011fraf\u0131 bulu\u015fturdu"},"content":{"rendered":"<p>Ada Modern Sanat Galerisi, edebiyat ile foto\u011fraf\u0131 bulu\u015fturan \u00f6zel bir sergiye ev sahipli\u011fi yapmaya ba\u015flad\u0131. Bu kapsamda felsefeci ve \u015fair Hilmi Yavuz\u2019un son 30 y\u0131l i\u00e7inde, foto\u011fraf sanat\u00e7\u0131s\u0131 Kamil F\u0131rat\u2019\u0131n \u00fcretimleri \u00fczerine kaleme ald\u0131\u011f\u0131 metinlerden olu\u015fan \u2018S\u00f6zc\u00fckler ve Foto\u011fraflar&#8221; adl\u0131 serginin a\u00e7\u0131l\u0131\u015f\u0131 ger\u00e7ekle\u015ftirildi.<\/p>\n<p>Ku\u015fadas\u0131 Belediyesi ile Ku\u015fadas\u0131 Alt\u0131n G\u00fcvercin K\u00fclt\u00fcr Sanat ve Tan\u0131t\u0131m Vakf\u0131 (KUSAV) i\u015f birli\u011finde a\u00e7\u0131ld\u0131\u011f\u0131 g\u00fcnden bu yana kenti sanat\u0131n farkl\u0131 dallar\u0131ndaki usta isimlerle bir araya getiren Ada Modern Sanat Galerisi, \u2018S\u00f6zc\u00fckler ve Foto\u011fraflar&#8221; adl\u0131 sergiyi sanatseverlerle bulu\u015fturdu. Hilmi Yavuz\u2019un metinleri arac\u0131l\u0131\u011f\u0131yla Kamil F\u0131rat\u2019\u0131n yakla\u015f\u0131k elli y\u0131la yakla\u015fan foto\u011fraf ser\u00fcvenini yeniden yorumlad\u0131\u011f\u0131 serginin a\u00e7\u0131l\u0131\u015f\u0131, foto\u011fraf ve edebiyat tutkunlar\u0131n\u0131n da kat\u0131l\u0131m\u0131yla yap\u0131ld\u0131. \u0130zleyiciyi yaln\u0131zca foto\u011frafa bakmaya de\u011fil, foto\u011fraf\u0131 okumaya; s\u00f6zc\u00fckleri ise g\u00f6rmeye \u00e7a\u011f\u0131ran sergi, ziyaret\u00e7ilerini ayn\u0131 zamanda dil ve zaman \u00fczerine d\u00fc\u015f\u00fcnmeye de davet ediyor. Sergi, foto\u011fraf ile yaz\u0131 aras\u0131ndaki zorunlu ve derin ba\u011fa dikkat \u00e7ekiyor. S\u00f6zc\u00fckler ve Foto\u011fraflar adl\u0131 sergi 15 Nisan\u2019a kadar Ada Modern Sanat Galerisi\u2019nde ziyaret edilebilecek.<\/p>\n<p>Serginin a\u00e7\u0131l\u0131\u015f\u0131nda konu\u015fan KUSAV Ba\u015fkan\u0131 Levent K\u00f6yl\u00fc, &#8220;K\u00fclt\u00fcr ve sanat\u0131n ba\u015fkenti olma yolunda h\u0131zla ilerleyen Ku\u015fadas\u0131\u2019nda yine \u00e7ok \u00f6nemli bir sergiye ev sahipli\u011fi yapt\u0131\u011f\u0131m\u0131z i\u00e7in \u00e7ok mutluyuz. Bu sergi iki \u00f6nemli d\u00fc\u015f\u00fcn ve sanat insan\u0131n\u0131 bir araya getiriyor. Foto\u011fraf bizler i\u00e7in \u00e7ok \u00f6nemli sanat dallar\u0131ndan bir tanesi. Sizler de biliyorsunuz ki kentimizde KUFSAD arac\u0131l\u0131\u011f\u0131yla daha \u00f6nce bir \u00e7ok projeyi ya\u015fama ge\u00e7irdik. \u0130stanbul\u2019dan sonra \u015fu an i\u00e7in sadece Ku\u015fadas\u0131\u2019nda a\u00e7\u0131lan bu sergi bizler i\u00e7in \u00e7ok \u00f6nemli. Ku\u015fadas\u0131 Belediye Ba\u015fkan\u0131 \u00d6mer G\u00fcnel ve \u015fahs\u0131m ad\u0131na serginin a\u00e7\u0131lmas\u0131nda eme\u011fi ge\u00e7en herkese te\u015fekk\u00fcr ederim&#8221; dedi.<\/p>\n<p>Foto\u011fraf sanat\u00e7\u0131s\u0131 Kamil F\u0131rat ise, &#8220;Ku\u015fadas\u0131\u2019n\u0131n bende ayr\u0131 bir yeri var. \u00c7\u00fcnk\u00fc daha \u00f6nce burada bir foto\u011fraf  projesi ya\u015fama ge\u00e7irmek istemi\u015ftik. Ancak pandemi nedeniyle bu plan\u0131m\u0131z ger\u00e7ekle\u015fmedi. Bu sergi benim i\u00e7in de \u00e7ok \u00f6zel. \u00c7\u00fcnk\u00fc sevgili Hilmi Yavuz ile 1980 y\u0131l\u0131ndan bu yana aram\u0131zda bir dostluk ba\u011f\u0131 var. Yavuz, benim a\u00e7t\u0131\u011f\u0131m sergilere d\u00f6nem d\u00f6nem yaz\u0131lar yazm\u0131\u015ft\u0131. Sonra bu yaz\u0131lar\u0131 da bir kitapta toplama fikri belirdi. S\u00f6zc\u00fckler-Foto\u011fraflar isimli kitap yay\u0131mland\u0131. Sonra Yavuz bu kitab\u0131n bir de sergisinin olmas\u0131n\u0131 istedi. \u0130\u015fte burada g\u00f6rd\u00fc\u011f\u00fcn\u00fcz i\u015fler benim son 30 y\u0131l i\u00e7erisinde Yavuz\u2019un \u00fczerine yaz\u0131 yazd\u0131\u011f\u0131 sergilerden k\u00fc\u00e7\u00fck pasajlar i\u00e7eriyor&#8221; diye konu\u015ftu.<br \/><\/p>\n","protected":false},"excerpt":{"rendered":"<p>Ada Modern Sanat Galerisi, edebiyat ile foto\u011fraf\u0131 bulu\u015fturan \u00f6zel bir sergiye ev sahipli\u011fi yapmaya ba\u015flad\u0131. Bu kapsamda felsefeci ve \u015fair Hilmi Yavuz\u2019un son 30 y\u0131l i\u00e7inde, foto\u011fraf sanat\u00e7\u0131s\u0131 Kamil F\u0131rat\u2019\u0131n \u00fcretimleri \u00fczerine kaleme ald\u0131\u011f\u0131 metinlerden olu\u015fan \u2018S\u00f6zc\u00fckler ve Foto\u011fraflar&#8221; adl\u0131 serginin a\u00e7\u0131l\u0131\u015f\u0131 ger\u00e7ekle\u015ftirildi. Ku\u015fadas\u0131 Belediyesi ile Ku\u015fadas\u0131 Alt\u0131n G\u00fcvercin K\u00fclt\u00fcr Sanat ve Tan\u0131t\u0131m Vakf\u0131 (KUSAV)&#8230;<\/p>\n","protected":false},"author":1,"featured_media":90226,"comment_status":"open","ping_status":"open","sticky":false,"template":"","format":"standard","meta":{"_crdt_document":"","footnotes":""},"categories":[1],"tags":[],"class_list":["post-90225","post","type-post","status-publish","format-standard","has-post-thumbnail","hentry","category-guncel"],"_links":{"self":[{"href":"https:\/\/www.egemtv.com\/index.php?rest_route=\/wp\/v2\/posts\/90225","targetHints":{"allow":["GET"]}}],"collection":[{"href":"https:\/\/www.egemtv.com\/index.php?rest_route=\/wp\/v2\/posts"}],"about":[{"href":"https:\/\/www.egemtv.com\/index.php?rest_route=\/wp\/v2\/types\/post"}],"author":[{"embeddable":true,"href":"https:\/\/www.egemtv.com\/index.php?rest_route=\/wp\/v2\/users\/1"}],"replies":[{"embeddable":true,"href":"https:\/\/www.egemtv.com\/index.php?rest_route=%2Fwp%2Fv2%2Fcomments&post=90225"}],"version-history":[{"count":1,"href":"https:\/\/www.egemtv.com\/index.php?rest_route=\/wp\/v2\/posts\/90225\/revisions"}],"predecessor-version":[{"id":90227,"href":"https:\/\/www.egemtv.com\/index.php?rest_route=\/wp\/v2\/posts\/90225\/revisions\/90227"}],"wp:featuredmedia":[{"embeddable":true,"href":"https:\/\/www.egemtv.com\/index.php?rest_route=\/wp\/v2\/media\/90226"}],"wp:attachment":[{"href":"https:\/\/www.egemtv.com\/index.php?rest_route=%2Fwp%2Fv2%2Fmedia&parent=90225"}],"wp:term":[{"taxonomy":"category","embeddable":true,"href":"https:\/\/www.egemtv.com\/index.php?rest_route=%2Fwp%2Fv2%2Fcategories&post=90225"},{"taxonomy":"post_tag","embeddable":true,"href":"https:\/\/www.egemtv.com\/index.php?rest_route=%2Fwp%2Fv2%2Ftags&post=90225"}],"curies":[{"name":"wp","href":"https:\/\/api.w.org\/{rel}","templated":true}]}}