{"id":90222,"date":"2026-02-25T09:55:33","date_gmt":"2026-02-25T06:55:33","guid":{"rendered":"https:\/\/www.egemtv.com\/?p=90222"},"modified":"2026-02-25T09:55:34","modified_gmt":"2026-02-25T06:55:34","slug":"vali-akbiyiktan-gencler-ile-genclik-yili-bulusmasi","status":"publish","type":"post","link":"https:\/\/www.egemtv.com\/?p=90222","title":{"rendered":"Vali Akb\u0131y\u0131k\u2019tan gen\u00e7ler ile \u2018Gen\u00e7lik Y\u0131l\u0131\u2019 bulu\u015fmas\u0131"},"content":{"rendered":"<p>Mu\u011fla Valisi Dr. \u0130dris Akb\u0131y\u0131k, 2026 Gen\u00e7lik Y\u0131l\u0131 ve &#8220;Bir Kitap Bir \u0130nsan&#8221; projesi kapsam\u0131nda gen\u00e7lerle bir araya geldi. Vali Akb\u0131y\u0131k gen\u00e7ler ile bulu\u015fmas\u0131nda gen\u00e7lerin sorular\u0131n\u0131 cevapland\u0131r\u0131rken, gen\u00e7lere y\u00f6nelik projeler hakk\u0131nda bilgi verdi.<br \/>\n<br \/>&#8220;Gen\u00e7lerimiz bizim g\u00f6z bebe\u011fimiz&#8221;<br \/>\n<br \/>2026 y\u0131l\u0131n\u0131n gen\u00e7lere adand\u0131\u011f\u0131n\u0131 belirten Vali Akb\u0131y\u0131k, gen\u00e7lerin daha iyi \u015fartlarda e\u011fitim alabilmesi i\u00e7in \u00e7al\u0131\u015fmalar\u0131n s\u00fcrd\u00fc\u011f\u00fcn\u00fc s\u00f6yledi. Vali Akb\u0131y\u0131k, &#8220;Gen\u00e7lerimiz bizim g\u00f6z bebe\u011fimiz. Gelece\u011fimiz olan gen\u00e7lerimize daha g\u00fcvenli \u015fartlarda e\u011fitim verebilmek i\u00e7in okullar\u0131m\u0131z\u0131 depreme dayan\u0131kl\u0131 hale getiriyoruz. Okullar\u0131m\u0131z\u0131 e\u011fitim materyalleri ve ak\u0131ll\u0131 donan\u0131mlarla destekliyoruz. Kitap okuma al\u0131\u015fkanl\u0131\u011f\u0131 kazand\u0131rmak i\u00e7in \u00e7e\u015fitli etkinlikler d\u00fczenliyoruz&#8221; ifadelerini kulland\u0131.<br \/>\n<br \/>40 Bin gen\u00e7le anket yap\u0131ld\u0131<br \/>\n<br \/>Vali Akb\u0131y\u0131k, 2026 Gen\u00e7lik Y\u0131l\u0131 kapsam\u0131nda yap\u0131lacak etkinliklerin 40 bin gen\u00e7le yap\u0131lan anketler sonucunda belirlendi\u011fini ifade ederek gen\u00e7lere y\u00f6nelik planlanan \u00e7al\u0131\u015fmalar hakk\u0131nda bilgi verdi.<br \/>\n<br \/>S\u00f6yle\u015fide Mu\u011fla G\u00fczel Sanatlar Lisesi \u00f6\u011frencileri taraf\u0131ndan T\u00fcrk Sanat M\u00fczi\u011fi eserleri seslendirilirken, \u0130l Milli E\u011fitim M\u00fcd\u00fcr\u00fc Emre \u00c7ay da \u2018All\u0131 Turna\u2019 adl\u0131 eseri seslendirdi.<br \/><\/p>\n","protected":false},"excerpt":{"rendered":"<p>Mu\u011fla Valisi Dr. \u0130dris Akb\u0131y\u0131k, 2026 Gen\u00e7lik Y\u0131l\u0131 ve &#8220;Bir Kitap Bir \u0130nsan&#8221; projesi kapsam\u0131nda gen\u00e7lerle bir araya geldi. Vali Akb\u0131y\u0131k gen\u00e7ler ile bulu\u015fmas\u0131nda gen\u00e7lerin sorular\u0131n\u0131 cevapland\u0131r\u0131rken, gen\u00e7lere y\u00f6nelik projeler hakk\u0131nda bilgi verdi. &#8220;Gen\u00e7lerimiz bizim g\u00f6z bebe\u011fimiz&#8221; 2026 y\u0131l\u0131n\u0131n gen\u00e7lere adand\u0131\u011f\u0131n\u0131 belirten Vali Akb\u0131y\u0131k, gen\u00e7lerin daha iyi \u015fartlarda e\u011fitim alabilmesi i\u00e7in \u00e7al\u0131\u015fmalar\u0131n s\u00fcrd\u00fc\u011f\u00fcn\u00fc s\u00f6yledi. Vali&#8230;<\/p>\n","protected":false},"author":1,"featured_media":90223,"comment_status":"open","ping_status":"open","sticky":false,"template":"","format":"standard","meta":{"_crdt_document":"","footnotes":""},"categories":[123],"tags":[],"class_list":["post-90222","post","type-post","status-publish","format-standard","has-post-thumbnail","hentry","category-gundem"],"_links":{"self":[{"href":"https:\/\/www.egemtv.com\/index.php?rest_route=\/wp\/v2\/posts\/90222","targetHints":{"allow":["GET"]}}],"collection":[{"href":"https:\/\/www.egemtv.com\/index.php?rest_route=\/wp\/v2\/posts"}],"about":[{"href":"https:\/\/www.egemtv.com\/index.php?rest_route=\/wp\/v2\/types\/post"}],"author":[{"embeddable":true,"href":"https:\/\/www.egemtv.com\/index.php?rest_route=\/wp\/v2\/users\/1"}],"replies":[{"embeddable":true,"href":"https:\/\/www.egemtv.com\/index.php?rest_route=%2Fwp%2Fv2%2Fcomments&post=90222"}],"version-history":[{"count":1,"href":"https:\/\/www.egemtv.com\/index.php?rest_route=\/wp\/v2\/posts\/90222\/revisions"}],"predecessor-version":[{"id":90224,"href":"https:\/\/www.egemtv.com\/index.php?rest_route=\/wp\/v2\/posts\/90222\/revisions\/90224"}],"wp:featuredmedia":[{"embeddable":true,"href":"https:\/\/www.egemtv.com\/index.php?rest_route=\/wp\/v2\/media\/90223"}],"wp:attachment":[{"href":"https:\/\/www.egemtv.com\/index.php?rest_route=%2Fwp%2Fv2%2Fmedia&parent=90222"}],"wp:term":[{"taxonomy":"category","embeddable":true,"href":"https:\/\/www.egemtv.com\/index.php?rest_route=%2Fwp%2Fv2%2Fcategories&post=90222"},{"taxonomy":"post_tag","embeddable":true,"href":"https:\/\/www.egemtv.com\/index.php?rest_route=%2Fwp%2Fv2%2Ftags&post=90222"}],"curies":[{"name":"wp","href":"https:\/\/api.w.org\/{rel}","templated":true}]}}