{"id":90219,"date":"2026-02-25T09:55:32","date_gmt":"2026-02-25T06:55:32","guid":{"rendered":"https:\/\/www.egemtv.com\/?p=90219"},"modified":"2026-02-25T09:55:33","modified_gmt":"2026-02-25T06:55:33","slug":"ogrenciler-iftar-sofrasinda-bir-araya-geldi","status":"publish","type":"post","link":"https:\/\/www.egemtv.com\/?p=90219","title":{"rendered":"\u00d6\u011frenciler iftar sofras\u0131nda bir araya geldi"},"content":{"rendered":"<p>On bir ay\u0131n sultan\u0131 Ramazan ay\u0131 dolay\u0131s\u0131yla iftar sofralar\u0131nda bir araya gelen Ayd\u0131n Fen Lisesi \u00f6\u011frencileri, iftar bereketini payla\u015ft\u0131.<\/p>\n<p>Ayd\u0131n Fen Lisesi ev sahipli\u011finde Milli E\u011fitim Bakanl\u0131\u011f\u0131 taraf\u0131ndan hayata ge\u00e7irilen &#8220;Maarifin Kalbinde Ramazan&#8221; program\u0131 kapsam\u0131nda iftar program\u0131 d\u00fczenlendi. Program kapsam\u0131nda kurulan iftar sofras\u0131nda \u00f6\u011frenciler bir araya geldi. Ramazan ay\u0131n\u0131n manevi huzurunu bir arada ya\u015fayan \u00f6\u011frenciler, hem dualarla oru\u00e7lar\u0131n\u0131 a\u00e7t\u0131 hem de iftar bereketini birlikte payla\u015ft\u0131.<br \/><\/p>\n","protected":false},"excerpt":{"rendered":"<p>On bir ay\u0131n sultan\u0131 Ramazan ay\u0131 dolay\u0131s\u0131yla iftar sofralar\u0131nda bir araya gelen Ayd\u0131n Fen Lisesi \u00f6\u011frencileri, iftar bereketini payla\u015ft\u0131. Ayd\u0131n Fen Lisesi ev sahipli\u011finde Milli E\u011fitim Bakanl\u0131\u011f\u0131 taraf\u0131ndan hayata ge\u00e7irilen &#8220;Maarifin Kalbinde Ramazan&#8221; program\u0131 kapsam\u0131nda iftar program\u0131 d\u00fczenlendi. Program kapsam\u0131nda kurulan iftar sofras\u0131nda \u00f6\u011frenciler bir araya geldi. Ramazan ay\u0131n\u0131n manevi huzurunu bir arada ya\u015fayan \u00f6\u011frenciler,&#8230;<\/p>\n","protected":false},"author":1,"featured_media":90220,"comment_status":"open","ping_status":"open","sticky":false,"template":"","format":"standard","meta":{"_crdt_document":"","footnotes":""},"categories":[1],"tags":[],"class_list":["post-90219","post","type-post","status-publish","format-standard","has-post-thumbnail","hentry","category-guncel"],"_links":{"self":[{"href":"https:\/\/www.egemtv.com\/index.php?rest_route=\/wp\/v2\/posts\/90219","targetHints":{"allow":["GET"]}}],"collection":[{"href":"https:\/\/www.egemtv.com\/index.php?rest_route=\/wp\/v2\/posts"}],"about":[{"href":"https:\/\/www.egemtv.com\/index.php?rest_route=\/wp\/v2\/types\/post"}],"author":[{"embeddable":true,"href":"https:\/\/www.egemtv.com\/index.php?rest_route=\/wp\/v2\/users\/1"}],"replies":[{"embeddable":true,"href":"https:\/\/www.egemtv.com\/index.php?rest_route=%2Fwp%2Fv2%2Fcomments&post=90219"}],"version-history":[{"count":1,"href":"https:\/\/www.egemtv.com\/index.php?rest_route=\/wp\/v2\/posts\/90219\/revisions"}],"predecessor-version":[{"id":90221,"href":"https:\/\/www.egemtv.com\/index.php?rest_route=\/wp\/v2\/posts\/90219\/revisions\/90221"}],"wp:featuredmedia":[{"embeddable":true,"href":"https:\/\/www.egemtv.com\/index.php?rest_route=\/wp\/v2\/media\/90220"}],"wp:attachment":[{"href":"https:\/\/www.egemtv.com\/index.php?rest_route=%2Fwp%2Fv2%2Fmedia&parent=90219"}],"wp:term":[{"taxonomy":"category","embeddable":true,"href":"https:\/\/www.egemtv.com\/index.php?rest_route=%2Fwp%2Fv2%2Fcategories&post=90219"},{"taxonomy":"post_tag","embeddable":true,"href":"https:\/\/www.egemtv.com\/index.php?rest_route=%2Fwp%2Fv2%2Ftags&post=90219"}],"curies":[{"name":"wp","href":"https:\/\/api.w.org\/{rel}","templated":true}]}}