{"id":90216,"date":"2026-02-25T09:55:30","date_gmt":"2026-02-25T06:55:30","guid":{"rendered":"https:\/\/www.egemtv.com\/?p=90216"},"modified":"2026-02-25T09:55:32","modified_gmt":"2026-02-25T06:55:32","slug":"agac-dali-toplayan-kadin-20-metrelik-su-kuyusuna-dustu","status":"publish","type":"post","link":"https:\/\/www.egemtv.com\/?p=90216","title":{"rendered":"A\u011fa\u00e7 dal\u0131 toplayan kad\u0131n 20 metrelik su kuyusuna d\u00fc\u015ft\u00fc"},"content":{"rendered":"<p>Denizli\u2019de kom\u015fusunun bah\u00e7esinden kurumu\u015f a\u011fa\u00e7 dallar\u0131n\u0131 toplamak isteyen kad\u0131n fark etmedi\u011fi su kuyusuna d\u00fc\u015ft\u00fc. Talihsiz kad\u0131n\u0131n d\u00fc\u015ft\u00fc\u011f\u00fc 20 metrelik su kuyusundan itfaiye ekipleri taraf\u0131ndan kurtar\u0131l\u0131rken sa\u011fl\u0131k durumunun iyi oldu\u011fu, v\u00fccudunda k\u0131r\u0131klar\u0131n oldu\u011fu \u00f6\u011frenildi.<\/p>\n<p>Olay, \u00c7ivril il\u00e7esi G\u00fcrp\u0131nar Mahallesi\u2019nde meydana geldi. Edinilen bilgilere g\u00f6re; Hatice Karahan, kom\u015fusuna ait bah\u00e7eye girerek kurumu\u015f a\u011fa\u00e7 dallar\u0131n\u0131 toplamaya ba\u015flad\u0131. A\u011fa\u00e7 dallar\u0131n\u0131 toplayan talihsiz kad\u0131n bah\u00e7ede bulunan 20 metre derinli\u011fine sahip su kuyusunu fark edemeyerek i\u00e7ine d\u00fc\u015ft\u00fc. Hatice Karahan\u2019\u0131n yard\u0131m \u00e7\u0131\u011fl\u0131klar\u0131n\u0131 duyan vatanda\u015flar 112 Acil \u00c7a\u011fr\u0131 Merkezine ihbarda bulundu. \u0130hbar \u00fczerine b\u00f6lgeye jandarma, sa\u011fl\u0131k ve itfaiye ekipleri sevk edildi. \u0130tfaiye ekipleri halatlar yard\u0131m\u0131yla indi\u011fi kuyudan Hatice Karahan\u2019\u0131 b\u00fcy\u00fck titizlikle kuyudan \u00e7\u0131kard\u0131. Kuyudan \u00e7\u0131kar\u0131lan talihsiz kad\u0131n, sa\u011fl\u0131k ekipleri taraf\u0131ndan olay yerinde yap\u0131lan ilk muayenesinin ard\u0131ndan \u00c7ivril Devlet Hastanesine kald\u0131r\u0131ld\u0131. Sa\u011fl\u0131k durumu iyi oldu\u011fu belirtilen Hatice Karahan\u2019\u0131n v\u00fccudunda k\u0131r\u0131klar oldu\u011fu \u00f6\u011frenildi.<br \/>\n<br \/>Olayla ilgili soru\u015fturma ba\u015flat\u0131ld\u0131.<br \/><\/p>\n","protected":false},"excerpt":{"rendered":"<p>Denizli\u2019de kom\u015fusunun bah\u00e7esinden kurumu\u015f a\u011fa\u00e7 dallar\u0131n\u0131 toplamak isteyen kad\u0131n fark etmedi\u011fi su kuyusuna d\u00fc\u015ft\u00fc. Talihsiz kad\u0131n\u0131n d\u00fc\u015ft\u00fc\u011f\u00fc 20 metrelik su kuyusundan itfaiye ekipleri taraf\u0131ndan kurtar\u0131l\u0131rken sa\u011fl\u0131k durumunun iyi oldu\u011fu, v\u00fccudunda k\u0131r\u0131klar\u0131n oldu\u011fu \u00f6\u011frenildi. Olay, \u00c7ivril il\u00e7esi G\u00fcrp\u0131nar Mahallesi\u2019nde meydana geldi. Edinilen bilgilere g\u00f6re; Hatice Karahan, kom\u015fusuna ait bah\u00e7eye girerek kurumu\u015f a\u011fa\u00e7 dallar\u0131n\u0131 toplamaya ba\u015flad\u0131. A\u011fa\u00e7&#8230;<\/p>\n","protected":false},"author":1,"featured_media":90217,"comment_status":"open","ping_status":"open","sticky":false,"template":"","format":"standard","meta":{"_crdt_document":"","footnotes":""},"categories":[5],"tags":[],"class_list":["post-90216","post","type-post","status-publish","format-standard","has-post-thumbnail","hentry","category-asayis"],"_links":{"self":[{"href":"https:\/\/www.egemtv.com\/index.php?rest_route=\/wp\/v2\/posts\/90216","targetHints":{"allow":["GET"]}}],"collection":[{"href":"https:\/\/www.egemtv.com\/index.php?rest_route=\/wp\/v2\/posts"}],"about":[{"href":"https:\/\/www.egemtv.com\/index.php?rest_route=\/wp\/v2\/types\/post"}],"author":[{"embeddable":true,"href":"https:\/\/www.egemtv.com\/index.php?rest_route=\/wp\/v2\/users\/1"}],"replies":[{"embeddable":true,"href":"https:\/\/www.egemtv.com\/index.php?rest_route=%2Fwp%2Fv2%2Fcomments&post=90216"}],"version-history":[{"count":1,"href":"https:\/\/www.egemtv.com\/index.php?rest_route=\/wp\/v2\/posts\/90216\/revisions"}],"predecessor-version":[{"id":90218,"href":"https:\/\/www.egemtv.com\/index.php?rest_route=\/wp\/v2\/posts\/90216\/revisions\/90218"}],"wp:featuredmedia":[{"embeddable":true,"href":"https:\/\/www.egemtv.com\/index.php?rest_route=\/wp\/v2\/media\/90217"}],"wp:attachment":[{"href":"https:\/\/www.egemtv.com\/index.php?rest_route=%2Fwp%2Fv2%2Fmedia&parent=90216"}],"wp:term":[{"taxonomy":"category","embeddable":true,"href":"https:\/\/www.egemtv.com\/index.php?rest_route=%2Fwp%2Fv2%2Fcategories&post=90216"},{"taxonomy":"post_tag","embeddable":true,"href":"https:\/\/www.egemtv.com\/index.php?rest_route=%2Fwp%2Fv2%2Ftags&post=90216"}],"curies":[{"name":"wp","href":"https:\/\/api.w.org\/{rel}","templated":true}]}}