{"id":90213,"date":"2026-02-25T09:55:29","date_gmt":"2026-02-25T06:55:29","guid":{"rendered":"https:\/\/www.egemtv.com\/?p=90213"},"modified":"2026-02-25T09:55:30","modified_gmt":"2026-02-25T06:55:30","slug":"is-adami-cinkayadan-iddialarla-iliskin-aciklama-turk-yargisina-guveniyorum","status":"publish","type":"post","link":"https:\/\/www.egemtv.com\/?p=90213","title":{"rendered":"\u0130\u015f adam\u0131 Cinkaya\u2019dan iddialarla ili\u015fkin a\u00e7\u0131klama; &#8220;T\u00fcrk yarg\u0131s\u0131na g\u00fcveniyorum&#8221;"},"content":{"rendered":"<p>Denizlili i\u015f adam\u0131 Yavuz Cinkaya, avukat\u0131 arac\u0131l\u0131\u011f\u0131yla \u0130stanbul merkezli savc\u0131l\u0131k soru\u015fturmas\u0131yla ilgili a\u00e7\u0131klama yapt\u0131. Cinkaya, y\u00f6netici oldu\u011fu d\u00f6nemin incelemesinde bahis oynamad\u0131\u011f\u0131n\u0131n belirlendi\u011fini belirtti. S\u00fcre\u00e7ten herhangi bir maddi kazan\u00e7 elde etmedi\u011fini, &#8220;\u015fike&#8221; gibi sporun ruhuna ve hukuka ayk\u0131r\u0131 a\u011f\u0131r ithamlarla ad\u0131n\u0131n yan yana getirilmesinden derin \u00fcz\u00fcnt\u00fc duydu\u011funu vurgulayan Cinkaya, &#8220;T\u00fcrk Yarg\u0131s\u0131na inanc\u0131m tamd\u0131r&#8221; dedi.<\/p>\n<p>\u0130stanbul Cumhuriyet Ba\u015fsavc\u0131l\u0131\u011f\u0131\u2019n\u0131n y\u00fcr\u00fctt\u00fc\u011f\u00fc soru\u015fturmaya ad\u0131 kar\u0131\u015fan Denizlili i\u015f adam\u0131  Yavuz Cinkaya, avukat\u0131 Harun \u00dcmit Eren arac\u0131l\u0131\u011f\u0131yla yaz\u0131l\u0131 bir a\u00e7\u0131klama yapt\u0131.  A\u00e7\u0131klamada, soru\u015fturma kapsam\u0131nda m\u00fcvekkili hakk\u0131nda inceleme ba\u015flat\u0131ld\u0131\u011f\u0131 belirtilerek, bilgi kirlili\u011finin \u00f6n\u00fcne ge\u00e7mek ve Cinkaya\u2019n\u0131n \u015fahsi, ailevi ve ticari itibar\u0131n\u0131 korumak amac\u0131yla bu a\u00e7\u0131klaman\u0131n yap\u0131ld\u0131\u011f\u0131 vurguland\u0131.<\/p>\n<p>&#8220;Hayat\u0131n ola\u011fan ak\u0131\u015f\u0131na ayk\u0131r\u0131d\u0131r&#8221;<br \/>\n<br \/>Avukat Eren, m\u00fcvekkilinin Denizli\u2019nin k\u00f6kl\u00fc ve sayg\u0131n ailelerinden birinin mensubu oldu\u011funu, \u00fclkenin ekonomik kalk\u0131nmas\u0131na katk\u0131 sa\u011flayan \u00f6nemli bir \u015firketler grubunun y\u00f6neticisi ve hissedar\u0131 bulundu\u011funu hat\u0131rlatt\u0131. Cinkaya\u2019n\u0131n \u015fahsi mal varl\u0131\u011f\u0131 ve temsil etti\u011fi ticari yap\u0131n\u0131n b\u00fcy\u00fckl\u00fc\u011f\u00fc dikkate al\u0131nd\u0131\u011f\u0131nda, herhangi bir illegal faaliyetten veya bahis organizasyonundan maddi menfaat sa\u011flama aray\u0131\u015f\u0131 i\u00e7erisinde olmas\u0131n\u0131n hayat\u0131n ola\u011fan ak\u0131\u015f\u0131na ve sahip oldu\u011fu etik de\u011ferlere tamamen ayk\u0131r\u0131 oldu\u011fu ifade edildi.<\/p>\n<p>&#8220;inceleme sonucu bahis yapmad\u0131\u011f\u0131 tespit edildi&#8221;<br \/>\n<br \/>A\u00e7\u0131klamada, yap\u0131lan incelemelerde m\u00fcvekkilinin y\u00f6netici oldu\u011fu d\u00f6nemde yasal ya da yasa d\u0131\u015f\u0131 herhangi bir bahis yapmad\u0131\u011f\u0131n\u0131n tespit edildi\u011fi, bu konuda herhangi bir iddia dahi bulunmad\u0131\u011f\u0131 belirtildi. Soru\u015fturma s\u00fcrecinin tamamlanmas\u0131n\u0131n ard\u0131ndan kamuoyu ile detayl\u0131 bilgi payla\u015f\u0131laca\u011f\u0131 kaydedildi. Avukat Harun \u00dcmit Eren, m\u00fcvekkilinin s\u00fcre\u00e7ten herhangi bir maddi kazan\u00e7 elde etmedi\u011fini, &#8220;\u015fike&#8221; gibi sporun ruhuna ve hukuka ayk\u0131r\u0131 a\u011f\u0131r ithamlarla ad\u0131n\u0131n yan yana getirilmesinden derin \u00fcz\u00fcnt\u00fc duydu\u011funu vurgulad\u0131.<\/p>\n<p>&#8220;Yarg\u0131 ile tam i\u015fbirli\u011findedir&#8221;<br \/>\n<br \/>Cinkaya\u2019n\u0131n yarg\u0131 makamlar\u0131yla tam i\u015f birli\u011fi i\u00e7erisinde hareket etti\u011fi, gerekli t\u00fcm bilgi, belge ve beyanlar\u0131 ilgili mercilere sundu\u011funu belirten Eren, &#8220;M\u00fcvekkilimiz, yarg\u0131 makamlar\u0131yla tam bir i\u015f birli\u011fi i\u00e7erisinde hareket etmekte; gerekli t\u00fcm bilgi, belge ve beyanlar\u0131 ilgili mercilere sunmaktad\u0131r. T\u00fcrk yarg\u0131s\u0131n\u0131n, m\u00fcvekkilimizin \u015fahs\u0131na y\u00f6nelik bu haks\u0131z alg\u0131y\u0131 k\u0131sa s\u00fcrede netle\u015ftirece\u011fine ve adaletin tecelli edece\u011fine olan inanc\u0131m\u0131z tamd\u0131r. M\u00fcvekkilimizin ve mensubu oldu\u011fu ailenin ticari itibar\u0131n\u0131 zedelemeye y\u00f6nelik as\u0131ls\u0131z haber ve yorumlara kar\u015f\u0131 t\u00fcm yasal haklar\u0131m\u0131z\u0131 sakl\u0131 tuttu\u011fumuzu bildiririz. Hen\u00fcz yarg\u0131lama s\u00fcreci devam ederken, masumiyet karinesini ihlal edecek her t\u00fcrl\u00fc dezenformasyona kar\u015f\u0131 kamuoyunun hassasiyet g\u00f6stermesini rica ederiz&#8221; dedi.<\/p>\n<p>\u0130stanbul Cumhuriyet Ba\u015fsavc\u0131l\u0131\u011f\u0131 &#8220;futbolda bahis ve \u015fike&#8221; soru\u015fturmas\u0131 kapsam\u0131nda, \u0130stanbul merkezli 10 ilde i\u015f adam\u0131 Yavuz Cinkaya\u2019n\u0131n da aralar\u0131nda bulundu\u011fu 32 ki\u015fiyi g\u00f6zalt\u0131na ald\u0131.<br \/><\/p>\n","protected":false},"excerpt":{"rendered":"<p>Denizlili i\u015f adam\u0131 Yavuz Cinkaya, avukat\u0131 arac\u0131l\u0131\u011f\u0131yla \u0130stanbul merkezli savc\u0131l\u0131k soru\u015fturmas\u0131yla ilgili a\u00e7\u0131klama yapt\u0131. Cinkaya, y\u00f6netici oldu\u011fu d\u00f6nemin incelemesinde bahis oynamad\u0131\u011f\u0131n\u0131n belirlendi\u011fini belirtti. S\u00fcre\u00e7ten herhangi bir maddi kazan\u00e7 elde etmedi\u011fini, &#8220;\u015fike&#8221; gibi sporun ruhuna ve hukuka ayk\u0131r\u0131 a\u011f\u0131r ithamlarla ad\u0131n\u0131n yan yana getirilmesinden derin \u00fcz\u00fcnt\u00fc duydu\u011funu vurgulayan Cinkaya, &#8220;T\u00fcrk Yarg\u0131s\u0131na inanc\u0131m tamd\u0131r&#8221; dedi. \u0130stanbul Cumhuriyet&#8230;<\/p>\n","protected":false},"author":1,"featured_media":90214,"comment_status":"open","ping_status":"open","sticky":false,"template":"","format":"standard","meta":{"_crdt_document":"","footnotes":""},"categories":[123],"tags":[],"class_list":["post-90213","post","type-post","status-publish","format-standard","has-post-thumbnail","hentry","category-gundem"],"_links":{"self":[{"href":"https:\/\/www.egemtv.com\/index.php?rest_route=\/wp\/v2\/posts\/90213","targetHints":{"allow":["GET"]}}],"collection":[{"href":"https:\/\/www.egemtv.com\/index.php?rest_route=\/wp\/v2\/posts"}],"about":[{"href":"https:\/\/www.egemtv.com\/index.php?rest_route=\/wp\/v2\/types\/post"}],"author":[{"embeddable":true,"href":"https:\/\/www.egemtv.com\/index.php?rest_route=\/wp\/v2\/users\/1"}],"replies":[{"embeddable":true,"href":"https:\/\/www.egemtv.com\/index.php?rest_route=%2Fwp%2Fv2%2Fcomments&post=90213"}],"version-history":[{"count":1,"href":"https:\/\/www.egemtv.com\/index.php?rest_route=\/wp\/v2\/posts\/90213\/revisions"}],"predecessor-version":[{"id":90215,"href":"https:\/\/www.egemtv.com\/index.php?rest_route=\/wp\/v2\/posts\/90213\/revisions\/90215"}],"wp:featuredmedia":[{"embeddable":true,"href":"https:\/\/www.egemtv.com\/index.php?rest_route=\/wp\/v2\/media\/90214"}],"wp:attachment":[{"href":"https:\/\/www.egemtv.com\/index.php?rest_route=%2Fwp%2Fv2%2Fmedia&parent=90213"}],"wp:term":[{"taxonomy":"category","embeddable":true,"href":"https:\/\/www.egemtv.com\/index.php?rest_route=%2Fwp%2Fv2%2Fcategories&post=90213"},{"taxonomy":"post_tag","embeddable":true,"href":"https:\/\/www.egemtv.com\/index.php?rest_route=%2Fwp%2Fv2%2Ftags&post=90213"}],"curies":[{"name":"wp","href":"https:\/\/api.w.org\/{rel}","templated":true}]}}