{"id":90210,"date":"2026-02-25T09:55:28","date_gmt":"2026-02-25T06:55:28","guid":{"rendered":"https:\/\/www.egemtv.com\/?p=90210"},"modified":"2026-02-25T09:55:29","modified_gmt":"2026-02-25T06:55:29","slug":"usak-belediyesi-14-tane-yeni-hizmet-aracini-bunyesine-katarak-arac-filosunu-genisletti","status":"publish","type":"post","link":"https:\/\/www.egemtv.com\/?p=90210","title":{"rendered":"U\u015fak Belediyesi 14 tane yeni hizmet arac\u0131n\u0131 b\u00fcnyesine katarak ara\u00e7 filosunu geni\u015fletti"},"content":{"rendered":"<p>U\u015fak Belediye Ba\u015fkan\u0131 \u00d6zkan Yal\u0131m, belediyenin hizmet kapasitesini g\u00fc\u00e7lendirmek ve vatanda\u015flara daha h\u0131zl\u0131, etkin hizmetler sunabilmek amac\u0131yla belediye ara\u00e7 filosuna 14 adet yeni hizmet arac\u0131n\u0131 daha kazand\u0131rd\u0131klar\u0131n\u0131 duyurdu.<\/p>\n<p>U\u015fak Belediyesi\u2019nin ara\u00e7 filosunu g\u00fc\u00e7lendirme \u00e7al\u0131\u015fmalar\u0131 daha \u00f6nce de kiral\u0131k-icral\u0131k ara\u00e7 kullan\u0131m\u0131n\u0131n bitirilmesi ve belediyenin kendi ara\u00e7 filosunu olu\u015fturma hedefiyle yap\u0131lan yat\u0131r\u0131mlarla dikkat \u00e7ekmi\u015fti. Ba\u015fkan Yal\u0131m\u2019\u0131n belediyenin b\u00fct\u00e7e disiplinini ve \u00f6z kaynaklar\u0131n\u0131 koruyan bu stratejisi, yeni yat\u0131r\u0131mlar i\u00e7in b\u00fct\u00e7e olu\u015fturma hamlesi olarak de\u011ferlendirilirken, vatanda\u015flardan da olumlu tepkiler al\u0131yor.<\/p>\n<p>Sosyal medya hesab\u0131ndan yapt\u0131\u011f\u0131 payla\u015f\u0131mda U\u015fak Belediyesi\u2019nin kulland\u0131\u011f\u0131 ara\u00e7lar\u0131n tamam\u0131n\u0131n kiralama hizmeti olarak al\u0131nd\u0131\u011f\u0131n\u0131 ve bunun belediye b\u00fct\u00e7esine \u00e7ok ciddi bir y\u00fck getirdi\u011fini ifade eden Ba\u015fkan Yal\u0131m; g\u00f6reve geldikleri g\u00fcnden bu yana yapt\u0131klar\u0131 \u00e7al\u0131\u015fmalar sonucunda bu duruma son verdiklerini ve kiralama i\u015fini bitirip t\u00fcm ara\u00e7lar\u0131 kendi b\u00fcnyelerinde katt\u0131klar\u0131n\u0131 belirtti. Bu sayede belediyenin hizmet kalitesini y\u00fckselttiklerini anlatan Ba\u015fkan Yal\u0131m, yeni ara\u00e7 takviyesiyle birlikte U\u015fak Belediyesi\u2019nin kendi \u00f6z kaynaklar\u0131n\u0131 daha verimli kullanarak hizmet \u00fcretme kapasitesinin art\u0131rd\u0131\u011f\u0131n\u0131 vurgulad\u0131.<\/p>\n<p>Ba\u015fkan Yal\u0131m, &#8220;G\u00f6reve ba\u015flayal\u0131 22 ay oldu. Ge\u00e7en d\u00f6nemde olu\u015fan bor\u00e7lardan, \u00f6zellikle de UTA\u015e\u2019tan dolay\u0131 300 arac\u0131m\u0131z\u0131n tamam\u0131 hacizliydi. Peki biz ne yapt\u0131k, 100\u2019\u00fcn \u00fczerinde yeni arac\u0131 belediyemiz b\u00fcnyesine kazand\u0131rd\u0131k. Bu g\u00fcn de hizmetlerimiz i\u00e7in kadromuza 14 ara\u00e7 daha kat\u0131yoruz. Ara\u00e7lar\u0131m\u0131z\u0131 ihtiyac\u0131 olan vatanda\u015flar\u0131m\u0131za destek olmak amac\u0131yla sosyal yard\u0131m i\u015flerimize tahsis edece\u011fiz. B\u00f6ylece hasta ve engelli vatanda\u015flar\u0131m\u0131z\u0131n, dar gelirli vatanda\u015flar\u0131m\u0131z\u0131n ula\u015f\u0131mlar\u0131na yard\u0131mc\u0131 olmu\u015f olaca\u011f\u0131z&#8221; ifadelerini kulland\u0131.<br \/>\n<br \/>\u00d6te yandan ihtiyaca y\u00f6nelik hizmetler do\u011frultusunda iki yeni tam te\u015fekk\u00fcll\u00fc arac\u0131n daha sahalarda olaca\u011f\u0131n\u0131 belirten Ba\u015fkan Yal\u0131m; hasta, engelli ve ya\u015fl\u0131lar\u0131n hastane ve di\u011fer sa\u011fl\u0131k kurulu\u015flar\u0131na ula\u015f\u0131mlar\u0131n\u0131 sa\u011flamak amac\u0131yla belediye b\u00fcnyesine iki yeni ara\u00e7 daha katt\u0131klar\u0131n\u0131 s\u00f6yledi. Tam te\u015fekk\u00fcll\u00fc iki arac\u0131n da vatanda\u015f\u0131n t\u00fcm ihtiya\u00e7lar\u0131na cevap verebilecek donan\u0131mda oldu\u011funu kaydeden Yal\u0131m, b\u00f6ylece halk\u0131n do\u011frudan konforlu bir hizmet almas\u0131n\u0131 sa\u011flad\u0131klar\u0131n\u0131 vurgulad\u0131.<br \/><\/p>\n","protected":false},"excerpt":{"rendered":"<p>U\u015fak Belediye Ba\u015fkan\u0131 \u00d6zkan Yal\u0131m, belediyenin hizmet kapasitesini g\u00fc\u00e7lendirmek ve vatanda\u015flara daha h\u0131zl\u0131, etkin hizmetler sunabilmek amac\u0131yla belediye ara\u00e7 filosuna 14 adet yeni hizmet arac\u0131n\u0131 daha kazand\u0131rd\u0131klar\u0131n\u0131 duyurdu. U\u015fak Belediyesi\u2019nin ara\u00e7 filosunu g\u00fc\u00e7lendirme \u00e7al\u0131\u015fmalar\u0131 daha \u00f6nce de kiral\u0131k-icral\u0131k ara\u00e7 kullan\u0131m\u0131n\u0131n bitirilmesi ve belediyenin kendi ara\u00e7 filosunu olu\u015fturma hedefiyle yap\u0131lan yat\u0131r\u0131mlarla dikkat \u00e7ekmi\u015fti. Ba\u015fkan Yal\u0131m\u2019\u0131n belediyenin&#8230;<\/p>\n","protected":false},"author":1,"featured_media":90211,"comment_status":"open","ping_status":"open","sticky":false,"template":"","format":"standard","meta":{"_crdt_document":"","footnotes":""},"categories":[127],"tags":[],"class_list":["post-90210","post","type-post","status-publish","format-standard","has-post-thumbnail","hentry","category-siyaset"],"_links":{"self":[{"href":"https:\/\/www.egemtv.com\/index.php?rest_route=\/wp\/v2\/posts\/90210","targetHints":{"allow":["GET"]}}],"collection":[{"href":"https:\/\/www.egemtv.com\/index.php?rest_route=\/wp\/v2\/posts"}],"about":[{"href":"https:\/\/www.egemtv.com\/index.php?rest_route=\/wp\/v2\/types\/post"}],"author":[{"embeddable":true,"href":"https:\/\/www.egemtv.com\/index.php?rest_route=\/wp\/v2\/users\/1"}],"replies":[{"embeddable":true,"href":"https:\/\/www.egemtv.com\/index.php?rest_route=%2Fwp%2Fv2%2Fcomments&post=90210"}],"version-history":[{"count":1,"href":"https:\/\/www.egemtv.com\/index.php?rest_route=\/wp\/v2\/posts\/90210\/revisions"}],"predecessor-version":[{"id":90212,"href":"https:\/\/www.egemtv.com\/index.php?rest_route=\/wp\/v2\/posts\/90210\/revisions\/90212"}],"wp:featuredmedia":[{"embeddable":true,"href":"https:\/\/www.egemtv.com\/index.php?rest_route=\/wp\/v2\/media\/90211"}],"wp:attachment":[{"href":"https:\/\/www.egemtv.com\/index.php?rest_route=%2Fwp%2Fv2%2Fmedia&parent=90210"}],"wp:term":[{"taxonomy":"category","embeddable":true,"href":"https:\/\/www.egemtv.com\/index.php?rest_route=%2Fwp%2Fv2%2Fcategories&post=90210"},{"taxonomy":"post_tag","embeddable":true,"href":"https:\/\/www.egemtv.com\/index.php?rest_route=%2Fwp%2Fv2%2Ftags&post=90210"}],"curies":[{"name":"wp","href":"https:\/\/api.w.org\/{rel}","templated":true}]}}