{"id":90207,"date":"2026-02-25T09:34:39","date_gmt":"2026-02-25T06:34:39","guid":{"rendered":"https:\/\/www.egemtv.com\/?p=90207"},"modified":"2026-02-25T09:34:40","modified_gmt":"2026-02-25T06:34:40","slug":"bodrumda-gazeteciler-iftarda-bulustu","status":"publish","type":"post","link":"https:\/\/www.egemtv.com\/?p=90207","title":{"rendered":"Bodrum\u2019da gazeteciler iftarda bulu\u015ftu"},"content":{"rendered":"<p>Bodrum Gazeteciler Cemiyeti (BGC), her y\u0131l geleneksel olarak d\u00fczenledi\u011fi iftar program\u0131n\u0131 bu y\u0131l Azka Otel\u2019in ev sahipli\u011finde ger\u00e7ekle\u015ftirdi. Kentin m\u00fclki amirleri ile bas\u0131n mensuplar\u0131n\u0131 ayn\u0131 sofrada bulu\u015fturan gecede, Ramazan ay\u0131n\u0131n manevi ikliminde birlik ve beraberlik mesajlar\u0131 verildi.<br \/>\n<br \/>Bodrum Gazeteciler Cemiyeti, kentin protokol \u00fcyeleri ve bas\u0131n emek\u00e7ileri i\u00e7in geni\u015f kat\u0131l\u0131ml\u0131 bir iftar program\u0131 d\u00fczenledi. Azka Otel\u2019de d\u00fczenlenen ve dualar e\u015fli\u011finde ba\u015flayan programa; Mu\u011fla Valisi \u0130dris Akb\u0131y\u0131k ba\u015fta olmak \u00fczere Bodrum Kaymakam\u0131 Ali S\u0131rmal\u0131, Bodrum Belediye Ba\u015fkan Vekili Emel \u00c7akalo\u011flu, sivil toplum kurulu\u015fu temsilcileri, kurum amirleri ve bas\u0131n mensuplar\u0131 kat\u0131ld\u0131.<br \/>\n<br \/>Program\u0131n a\u00e7\u0131l\u0131\u015f\u0131nda konu\u015fan Bodrum Gazeteciler Cemiyeti Ba\u015fkan\u0131 Eren Ayhan, geleneksel iftar bulu\u015fmalar\u0131n\u0131n mesleki dayan\u0131\u015fma a\u00e7\u0131s\u0131ndan \u00f6nemine de\u011findi. Ayhan, &#8220;Ramazan ay\u0131n\u0131n bereketini, kentimizin de\u011ferli protokol \u00fcyeleri ve k\u0131ymetli meslekta\u015flar\u0131m\u0131zla payla\u015fmaktan onur duyuyoruz. Bu tablo, Bodrum\u2019daki birlik ve beraberli\u011fin en g\u00fczel \u00f6rne\u011fidir. Kat\u0131l\u0131mlar\u0131n\u0131z i\u00e7in hepinize te\u015fekk\u00fcr ediyorum&#8221; dedi.<br \/>\n<br \/>Mu\u011fla Valisi \u0130dris Akb\u0131y\u0131k ise yapt\u0131\u011f\u0131 konu\u015fmada, manevi duygular\u0131n yo\u011funla\u015ft\u0131\u011f\u0131 bu ayda d\u00fczenlenen etkinli\u011fin \u00f6nemine dikkat \u00e7ekti. Vali Akb\u0131y\u0131k, &#8220;Bodrum bas\u0131n\u0131 ile bu g\u00fczel iftar sofras\u0131nda bulu\u015fmam\u0131z\u0131 sa\u011flayan, eme\u011fi ge\u00e7en herkese te\u015fekk\u00fcr ediyorum. Bas\u0131n mensuplar\u0131m\u0131z\u0131n \u00f6zverili \u00e7al\u0131\u015fmalar\u0131 kentimiz i\u00e7in \u00e7ok k\u0131ymetli&#8221; ifadelerini kulland\u0131.<br \/>\n<br \/>\u0130l\u00e7e M\u00fcft\u00fcs\u00fc Fethullah Uyda\u015f\u2019\u0131n yapt\u0131rd\u0131\u011f\u0131 iftar duas\u0131n\u0131n ard\u0131ndan, protokol \u00fcyeleri ve gazeteciler samimi bir ortamda sohbet ederek geceyi noktalad\u0131.<br \/><\/p>\n","protected":false},"excerpt":{"rendered":"<p>Bodrum Gazeteciler Cemiyeti (BGC), her y\u0131l geleneksel olarak d\u00fczenledi\u011fi iftar program\u0131n\u0131 bu y\u0131l Azka Otel\u2019in ev sahipli\u011finde ger\u00e7ekle\u015ftirdi. Kentin m\u00fclki amirleri ile bas\u0131n mensuplar\u0131n\u0131 ayn\u0131 sofrada bulu\u015fturan gecede, Ramazan ay\u0131n\u0131n manevi ikliminde birlik ve beraberlik mesajlar\u0131 verildi. Bodrum Gazeteciler Cemiyeti, kentin protokol \u00fcyeleri ve bas\u0131n emek\u00e7ileri i\u00e7in geni\u015f kat\u0131l\u0131ml\u0131 bir iftar program\u0131 d\u00fczenledi. Azka Otel\u2019de&#8230;<\/p>\n","protected":false},"author":1,"featured_media":90208,"comment_status":"open","ping_status":"open","sticky":false,"template":"","format":"standard","meta":{"_crdt_document":"","footnotes":""},"categories":[1],"tags":[],"class_list":["post-90207","post","type-post","status-publish","format-standard","has-post-thumbnail","hentry","category-guncel"],"_links":{"self":[{"href":"https:\/\/www.egemtv.com\/index.php?rest_route=\/wp\/v2\/posts\/90207","targetHints":{"allow":["GET"]}}],"collection":[{"href":"https:\/\/www.egemtv.com\/index.php?rest_route=\/wp\/v2\/posts"}],"about":[{"href":"https:\/\/www.egemtv.com\/index.php?rest_route=\/wp\/v2\/types\/post"}],"author":[{"embeddable":true,"href":"https:\/\/www.egemtv.com\/index.php?rest_route=\/wp\/v2\/users\/1"}],"replies":[{"embeddable":true,"href":"https:\/\/www.egemtv.com\/index.php?rest_route=%2Fwp%2Fv2%2Fcomments&post=90207"}],"version-history":[{"count":1,"href":"https:\/\/www.egemtv.com\/index.php?rest_route=\/wp\/v2\/posts\/90207\/revisions"}],"predecessor-version":[{"id":90209,"href":"https:\/\/www.egemtv.com\/index.php?rest_route=\/wp\/v2\/posts\/90207\/revisions\/90209"}],"wp:featuredmedia":[{"embeddable":true,"href":"https:\/\/www.egemtv.com\/index.php?rest_route=\/wp\/v2\/media\/90208"}],"wp:attachment":[{"href":"https:\/\/www.egemtv.com\/index.php?rest_route=%2Fwp%2Fv2%2Fmedia&parent=90207"}],"wp:term":[{"taxonomy":"category","embeddable":true,"href":"https:\/\/www.egemtv.com\/index.php?rest_route=%2Fwp%2Fv2%2Fcategories&post=90207"},{"taxonomy":"post_tag","embeddable":true,"href":"https:\/\/www.egemtv.com\/index.php?rest_route=%2Fwp%2Fv2%2Ftags&post=90207"}],"curies":[{"name":"wp","href":"https:\/\/api.w.org\/{rel}","templated":true}]}}