{"id":90204,"date":"2026-02-25T09:14:44","date_gmt":"2026-02-25T06:14:44","guid":{"rendered":"https:\/\/www.egemtv.com\/?p=90204"},"modified":"2026-02-25T09:14:45","modified_gmt":"2026-02-25T06:14:45","slug":"aydinda-bir-yilda-3-bin-kisi-bosandi","status":"publish","type":"post","link":"https:\/\/www.egemtv.com\/?p=90204","title":{"rendered":"Ayd\u0131n\u2019da bir y\u0131lda 3 bin ki\u015fi bo\u015fand\u0131"},"content":{"rendered":"<p>Ayd\u0131n\u2019da 2025 y\u0131l\u0131nda 3 bin 410 ki\u015fi bo\u015fan\u0131rken, son 5 y\u0131lda bo\u015fanma oranlar\u0131 y\u00fczde 46 artt\u0131.<\/p>\n<p>T\u00fcrkiye \u0130statistik Kurumu (T\u00dc\u0130K) 2025 y\u0131l\u0131 bo\u015fanma istatistiklerini payla\u015ft\u0131. Payla\u015f\u0131lan verilere g\u00f6re 2025 y\u0131l\u0131nda Ayd\u0131n\u2019da toplam 3 bin 410 ki\u015fi bo\u015fand\u0131. 2020 y\u0131l\u0131nda 2 bin 330 olan bo\u015fanma rakamlar\u0131 son 5 y\u0131lda y\u00fczde 46 artt\u0131. \u0130lk 15 y\u0131ll\u0131k evlilik s\u00fcrelerine bak\u0131ld\u0131\u011f\u0131nda en fazla bo\u015fanma 6-10 y\u0131ll\u0131k evliliklerde, en az bo\u015fanma ise 5 y\u0131ll\u0131k evliliklerde ya\u015fand\u0131. Ayr\u0131ca Ayd\u0131n\u2019\u0131n kaba bo\u015fanma h\u0131z\u0131 ise 2025 y\u0131l\u0131nda binde 2,92 oldu.<\/p>\n<p>2025 y\u0131l\u0131nda e\u015flerin ya\u015f fark\u0131na g\u00f6re bo\u015fanma say\u0131lar\u0131na bak\u0131ld\u0131\u011f\u0131nda bo\u015fanmalar\u0131n 2 bin 631\u2019inde erke\u011fin ya\u015f\u0131 b\u00fcy\u00fck, 499\u2019unda erke\u011fin ya\u015f\u0131 k\u00fc\u00e7\u00fck, 261\u2019inde ise ya\u015f\u0131t oldu. Ya\u015f gruplar\u0131na bak\u0131ld\u0131\u011f\u0131nda ise il genelinde en fazla bo\u015fanma erkeklerde 40-44 ya\u015f aral\u0131\u011f\u0131nda ger\u00e7ekle\u015firken, bu ya\u015f grubunda 623 erkek bo\u015fand\u0131. Kad\u0131nlarda da en fazla bo\u015fanma 631 ki\u015fi ile 30-34 ya\u015f grubunda ya\u015fand\u0131. En az bo\u015fanman\u0131n ya\u015fand\u0131\u011f\u0131 ya\u015f grubu ise erkeklerde 5 ki\u015fi ile 16-19 ya\u015f, kad\u0131nlarda da 6 ki\u015fi ile 75 ya\u015f ve \u00fczeri grupta oldu.<br \/><\/p>\n","protected":false},"excerpt":{"rendered":"<p>Ayd\u0131n\u2019da 2025 y\u0131l\u0131nda 3 bin 410 ki\u015fi bo\u015fan\u0131rken, son 5 y\u0131lda bo\u015fanma oranlar\u0131 y\u00fczde 46 artt\u0131. T\u00fcrkiye \u0130statistik Kurumu (T\u00dc\u0130K) 2025 y\u0131l\u0131 bo\u015fanma istatistiklerini payla\u015ft\u0131. Payla\u015f\u0131lan verilere g\u00f6re 2025 y\u0131l\u0131nda Ayd\u0131n\u2019da toplam 3 bin 410 ki\u015fi bo\u015fand\u0131. 2020 y\u0131l\u0131nda 2 bin 330 olan bo\u015fanma rakamlar\u0131 son 5 y\u0131lda y\u00fczde 46 artt\u0131. \u0130lk 15 y\u0131ll\u0131k evlilik&#8230;<\/p>\n","protected":false},"author":1,"featured_media":90205,"comment_status":"open","ping_status":"open","sticky":false,"template":"","format":"standard","meta":{"_crdt_document":"","footnotes":""},"categories":[1],"tags":[],"class_list":["post-90204","post","type-post","status-publish","format-standard","has-post-thumbnail","hentry","category-guncel"],"_links":{"self":[{"href":"https:\/\/www.egemtv.com\/index.php?rest_route=\/wp\/v2\/posts\/90204","targetHints":{"allow":["GET"]}}],"collection":[{"href":"https:\/\/www.egemtv.com\/index.php?rest_route=\/wp\/v2\/posts"}],"about":[{"href":"https:\/\/www.egemtv.com\/index.php?rest_route=\/wp\/v2\/types\/post"}],"author":[{"embeddable":true,"href":"https:\/\/www.egemtv.com\/index.php?rest_route=\/wp\/v2\/users\/1"}],"replies":[{"embeddable":true,"href":"https:\/\/www.egemtv.com\/index.php?rest_route=%2Fwp%2Fv2%2Fcomments&post=90204"}],"version-history":[{"count":1,"href":"https:\/\/www.egemtv.com\/index.php?rest_route=\/wp\/v2\/posts\/90204\/revisions"}],"predecessor-version":[{"id":90206,"href":"https:\/\/www.egemtv.com\/index.php?rest_route=\/wp\/v2\/posts\/90204\/revisions\/90206"}],"wp:featuredmedia":[{"embeddable":true,"href":"https:\/\/www.egemtv.com\/index.php?rest_route=\/wp\/v2\/media\/90205"}],"wp:attachment":[{"href":"https:\/\/www.egemtv.com\/index.php?rest_route=%2Fwp%2Fv2%2Fmedia&parent=90204"}],"wp:term":[{"taxonomy":"category","embeddable":true,"href":"https:\/\/www.egemtv.com\/index.php?rest_route=%2Fwp%2Fv2%2Fcategories&post=90204"},{"taxonomy":"post_tag","embeddable":true,"href":"https:\/\/www.egemtv.com\/index.php?rest_route=%2Fwp%2Fv2%2Ftags&post=90204"}],"curies":[{"name":"wp","href":"https:\/\/api.w.org\/{rel}","templated":true}]}}