{"id":90201,"date":"2026-02-25T08:55:31","date_gmt":"2026-02-25T05:55:31","guid":{"rendered":"https:\/\/www.egemtv.com\/?p=90201"},"modified":"2026-02-25T08:55:32","modified_gmt":"2026-02-25T05:55:32","slug":"aydin-buyuksehirden-egriderede-iftar-sofrasi","status":"publish","type":"post","link":"https:\/\/www.egemtv.com\/?p=90201","title":{"rendered":"Ayd\u0131n B\u00fcy\u00fck\u015fehir\u2019den E\u011fridere\u2019de iftar sofras\u0131"},"content":{"rendered":"<p>Ayd\u0131n B\u00fcy\u00fck\u015fehir Belediyesi Yenipazar E\u011fridere Mahallesi\u2019nde iftar yeme\u011fi verdi.<br \/>\n<br \/>Ayd\u0131n B\u00fcy\u00fck\u015fehir Belediyesi taraf\u0131ndan E\u011fridere Mahallesi\u2019nde verilen iftar yeme\u011fine kat\u0131lan Yenipazar Belediye Ba\u015fkan\u0131 Malik Ercan, &#8221; Ayd\u0131n B\u00fcy\u00fck\u015fehir Belediyemiz B\u00fcrokratlar\u0131 ve Meclis \u00dcyelerimizle birlikte kat\u0131ld\u0131k. Ard\u0131ndan kahvehanede vatanda\u015flar\u0131m\u0131zla bir araya geldik.<br \/>\n<br \/>\u0130ftar yeme\u011fine kat\u0131lan ve bizi misafir eden t\u00fcm mahalle halk\u0131na te\u015fekk\u00fcr ederim. \u0130ftar sofras\u0131n\u0131 bizimle payla\u015fan B\u00fcy\u00fck\u015fehir Belediye Ba\u015fkan\u0131m\u0131z, Topuklu Efemiz \u00d6zlem \u00c7er\u00e7io\u011flu\u2019na \u00e7ok te\u015fekk\u00fcr ederim&#8221; dedi.<br \/><\/p>\n","protected":false},"excerpt":{"rendered":"<p>Ayd\u0131n B\u00fcy\u00fck\u015fehir Belediyesi Yenipazar E\u011fridere Mahallesi\u2019nde iftar yeme\u011fi verdi. Ayd\u0131n B\u00fcy\u00fck\u015fehir Belediyesi taraf\u0131ndan E\u011fridere Mahallesi\u2019nde verilen iftar yeme\u011fine kat\u0131lan Yenipazar Belediye Ba\u015fkan\u0131 Malik Ercan, &#8221; Ayd\u0131n B\u00fcy\u00fck\u015fehir Belediyemiz B\u00fcrokratlar\u0131 ve Meclis \u00dcyelerimizle birlikte kat\u0131ld\u0131k. Ard\u0131ndan kahvehanede vatanda\u015flar\u0131m\u0131zla bir araya geldik. \u0130ftar yeme\u011fine kat\u0131lan ve bizi misafir eden t\u00fcm mahalle halk\u0131na te\u015fekk\u00fcr ederim. \u0130ftar sofras\u0131n\u0131 bizimle&#8230;<\/p>\n","protected":false},"author":1,"featured_media":90202,"comment_status":"open","ping_status":"open","sticky":false,"template":"","format":"standard","meta":{"_crdt_document":"","footnotes":""},"categories":[1],"tags":[],"class_list":["post-90201","post","type-post","status-publish","format-standard","has-post-thumbnail","hentry","category-guncel"],"_links":{"self":[{"href":"https:\/\/www.egemtv.com\/index.php?rest_route=\/wp\/v2\/posts\/90201","targetHints":{"allow":["GET"]}}],"collection":[{"href":"https:\/\/www.egemtv.com\/index.php?rest_route=\/wp\/v2\/posts"}],"about":[{"href":"https:\/\/www.egemtv.com\/index.php?rest_route=\/wp\/v2\/types\/post"}],"author":[{"embeddable":true,"href":"https:\/\/www.egemtv.com\/index.php?rest_route=\/wp\/v2\/users\/1"}],"replies":[{"embeddable":true,"href":"https:\/\/www.egemtv.com\/index.php?rest_route=%2Fwp%2Fv2%2Fcomments&post=90201"}],"version-history":[{"count":1,"href":"https:\/\/www.egemtv.com\/index.php?rest_route=\/wp\/v2\/posts\/90201\/revisions"}],"predecessor-version":[{"id":90203,"href":"https:\/\/www.egemtv.com\/index.php?rest_route=\/wp\/v2\/posts\/90201\/revisions\/90203"}],"wp:featuredmedia":[{"embeddable":true,"href":"https:\/\/www.egemtv.com\/index.php?rest_route=\/wp\/v2\/media\/90202"}],"wp:attachment":[{"href":"https:\/\/www.egemtv.com\/index.php?rest_route=%2Fwp%2Fv2%2Fmedia&parent=90201"}],"wp:term":[{"taxonomy":"category","embeddable":true,"href":"https:\/\/www.egemtv.com\/index.php?rest_route=%2Fwp%2Fv2%2Fcategories&post=90201"},{"taxonomy":"post_tag","embeddable":true,"href":"https:\/\/www.egemtv.com\/index.php?rest_route=%2Fwp%2Fv2%2Ftags&post=90201"}],"curies":[{"name":"wp","href":"https:\/\/api.w.org\/{rel}","templated":true}]}}