{"id":90198,"date":"2026-02-25T08:55:29","date_gmt":"2026-02-25T05:55:29","guid":{"rendered":"https:\/\/www.egemtv.com\/?p=90198"},"modified":"2026-02-25T08:55:30","modified_gmt":"2026-02-25T05:55:30","slug":"aydinin-yoresel-lezzeti-kedirgen-ve-sarmasiklar-pazar-tezgahlarini-suslemeye-basladi","status":"publish","type":"post","link":"https:\/\/www.egemtv.com\/?p=90198","title":{"rendered":"Ayd\u0131n\u2019\u0131n y\u00f6resel lezzeti kedirgen ve sarma\u015f\u0131klar pazar tezgahlar\u0131n\u0131 s\u00fcslemeye ba\u015flad\u0131"},"content":{"rendered":"<p>Ayd\u0131n da\u011flar\u0131nda bahar mevsiminde do\u011fada kendili\u011finden \u00e7\u0131kan, halk aras\u0131nda ac\u0131 ot diye de bilinen sarma\u015f\u0131k ve kedirgen otlar\u0131 pazar tezgahlar\u0131n\u0131 s\u00fcslemeye ba\u015flarken, sezonun ilk \u00fcr\u00fcnleri ba\u011f\u0131 150 TL\u2019den sat\u0131l\u0131yor.<\/p>\n<p>Ayd\u0131n\u2019\u0131n ac\u0131 otu olarak bilinen sarma\u015f\u0131k ve kedirgenler, bahar\u0131n gelmesiyle birlikte topraktan \u00e7\u0131karak y\u00fcz\u00fcn\u00fc g\u00f6stermeye ba\u015flad\u0131. Pek \u00e7ok ki\u015finin sa\u011fl\u0131k i\u00e7in t\u00fcketti\u011fi bu otlar bir yandan i\u015fsizlere i\u015f olurken, di\u011fer yandan da \u015fehirde ya\u015fayanlar\u0131n sofras\u0131na a\u015f oluyor. Yumurtal\u0131 ve yo\u011furtlu iki ayr\u0131 t\u00fcrde yeme\u011fi yap\u0131lan otlar, bu y\u0131l ya\u011f\u0131\u015flar\u0131n da etkili olmas\u0131 ile birlikte da\u011flarda \u00e7\u0131kmaya ba\u015flad\u0131. Ayd\u0131n\u2019\u0131n yan\u0131 s\u0131ra Ege B\u00f6lgesi\u2019nde de severek t\u00fcketilen kedirgen ve sarma\u015f\u0131klar, kemik a\u011fr\u0131lar\u0131ndan romatizmaya kadar bir \u00e7ok hastal\u0131\u011fa da iyi geldi\u011fi biliniyor.<\/p>\n<p>Pazar tezgahlar\u0131nda yerini alan sezonun ilk otlar\u0131, fiyat\u0131yla toplayan\u0131 lezzetiyle de yiyeni mutlu ederken, sezonun ilk \u00fcr\u00fcnleri ba\u011f\u0131 150 TL\u2019den sat\u0131l\u0131yor. Semt pazarlar\u0131nda en \u00e7ok ilgi g\u00f6ren sezonluk \u00fcr\u00fcnler aras\u0131nda yer alan kedirgen ve sarma\u015f\u0131k otlar\u0131n\u0131 toplamas\u0131n\u0131n zahmetli ama bir yandan da \u00e7ok zevkli oldu\u011funu ifade eden pazarc\u0131 Hayrullah Acar; &#8220;Ayd\u0131n\u2019\u0131m\u0131z\u0131n me\u015fhur otu olan kedirgen sezonumuz ba\u015flad\u0131. Bu hafta ilk kedirgenlerimizi getirdik. Ku\u015fkonmaz olarak da bilinir ama y\u00f6remizin kedirgeni farkl\u0131d\u0131r. Da\u011flarda kendili\u011finden yeti\u015fir. Ya\u011fmurlardan sonra baharda \u00e7\u0131kar bu. Faydal\u0131 bir bitki. Bilhassa idrar yollar\u0131 iltihab\u0131na \u00e7ok faydal\u0131d\u0131r. \u00c7ok faydal\u0131d\u0131r. Da\u011flardan toplamas\u0131 da bir o kadar zahmetlidir. Topland\u0131\u011f\u0131 yerler a\u00e7\u0131s\u0131ndan zahmetli ama zevkli bir \u015fey. Herkes yerini bulamaz ama toplayan bilir onu. Toplamas\u0131 da \u00e7ok zevkli olur. B\u00f6lgemizin \u00f6nemli lezzetlerinden. \u0130lk kedirgenleri satmaya ba\u015flad\u0131k. Ba\u011f\u0131 150 TL\u2019den sat\u0131yoruz. Ya\u011f\u0131\u015flar devam ederse bunlar da olmaya devam edecek&#8221; dedi.<br \/><\/p>\n","protected":false},"excerpt":{"rendered":"<p>Ayd\u0131n da\u011flar\u0131nda bahar mevsiminde do\u011fada kendili\u011finden \u00e7\u0131kan, halk aras\u0131nda ac\u0131 ot diye de bilinen sarma\u015f\u0131k ve kedirgen otlar\u0131 pazar tezgahlar\u0131n\u0131 s\u00fcslemeye ba\u015flarken, sezonun ilk \u00fcr\u00fcnleri ba\u011f\u0131 150 TL\u2019den sat\u0131l\u0131yor. Ayd\u0131n\u2019\u0131n ac\u0131 otu olarak bilinen sarma\u015f\u0131k ve kedirgenler, bahar\u0131n gelmesiyle birlikte topraktan \u00e7\u0131karak y\u00fcz\u00fcn\u00fc g\u00f6stermeye ba\u015flad\u0131. Pek \u00e7ok ki\u015finin sa\u011fl\u0131k i\u00e7in t\u00fcketti\u011fi bu otlar bir yandan&#8230;<\/p>\n","protected":false},"author":1,"featured_media":90199,"comment_status":"open","ping_status":"open","sticky":false,"template":"","format":"standard","meta":{"_crdt_document":"","footnotes":""},"categories":[1],"tags":[],"class_list":["post-90198","post","type-post","status-publish","format-standard","has-post-thumbnail","hentry","category-guncel"],"_links":{"self":[{"href":"https:\/\/www.egemtv.com\/index.php?rest_route=\/wp\/v2\/posts\/90198","targetHints":{"allow":["GET"]}}],"collection":[{"href":"https:\/\/www.egemtv.com\/index.php?rest_route=\/wp\/v2\/posts"}],"about":[{"href":"https:\/\/www.egemtv.com\/index.php?rest_route=\/wp\/v2\/types\/post"}],"author":[{"embeddable":true,"href":"https:\/\/www.egemtv.com\/index.php?rest_route=\/wp\/v2\/users\/1"}],"replies":[{"embeddable":true,"href":"https:\/\/www.egemtv.com\/index.php?rest_route=%2Fwp%2Fv2%2Fcomments&post=90198"}],"version-history":[{"count":1,"href":"https:\/\/www.egemtv.com\/index.php?rest_route=\/wp\/v2\/posts\/90198\/revisions"}],"predecessor-version":[{"id":90200,"href":"https:\/\/www.egemtv.com\/index.php?rest_route=\/wp\/v2\/posts\/90198\/revisions\/90200"}],"wp:featuredmedia":[{"embeddable":true,"href":"https:\/\/www.egemtv.com\/index.php?rest_route=\/wp\/v2\/media\/90199"}],"wp:attachment":[{"href":"https:\/\/www.egemtv.com\/index.php?rest_route=%2Fwp%2Fv2%2Fmedia&parent=90198"}],"wp:term":[{"taxonomy":"category","embeddable":true,"href":"https:\/\/www.egemtv.com\/index.php?rest_route=%2Fwp%2Fv2%2Fcategories&post=90198"},{"taxonomy":"post_tag","embeddable":true,"href":"https:\/\/www.egemtv.com\/index.php?rest_route=%2Fwp%2Fv2%2Ftags&post=90198"}],"curies":[{"name":"wp","href":"https:\/\/api.w.org\/{rel}","templated":true}]}}