{"id":90195,"date":"2026-02-25T08:14:44","date_gmt":"2026-02-25T05:14:44","guid":{"rendered":"https:\/\/www.egemtv.com\/?p=90195"},"modified":"2026-02-25T08:14:44","modified_gmt":"2026-02-25T05:14:44","slug":"saruhanlida-halkali-leke-alarmi","status":"publish","type":"post","link":"https:\/\/www.egemtv.com\/?p=90195","title":{"rendered":"Saruhanl\u0131\u2019da halkal\u0131 leke alarm\u0131"},"content":{"rendered":"<p>Saruhanl\u0131 \u0130l\u00e7e Tar\u0131m ve Orman M\u00fcd\u00fcrl\u00fc\u011f\u00fc, erken tahmin ve uyar\u0131 istasyonlar\u0131ndan al\u0131nan veriler do\u011frultusunda zeytin a\u011fa\u00e7lar\u0131nda halkal\u0131 leke hastal\u0131\u011f\u0131 riskinin artt\u0131\u011f\u0131n\u0131 a\u00e7\u0131klad\u0131.<br \/>\n<br \/>\u0130l\u00e7e genelinde yap\u0131lan teknik de\u011ferlendirmelerde, Zeytin Halkal\u0131 Leke hastal\u0131\u011f\u0131 i\u00e7in enfeksiyon ve hastal\u0131k \u015fiddetinin y\u00fckseldi\u011finin g\u00f6r\u00fcld\u00fc\u011f\u00fc belirtildi. \u00d6zellikle nemli ve \u0131l\u0131man hava \u015fartlar\u0131n\u0131n hastal\u0131\u011f\u0131n yay\u0131l\u0131m\u0131n\u0131 h\u0131zland\u0131rd\u0131\u011f\u0131na dikkat \u00e7ekildi.<br \/>\n<br \/>Saruhanl\u0131 \u0130l\u00e7e Tar\u0131m ve Orman M\u00fcd\u00fcrl\u00fc\u011f\u00fc\u2019nden yap\u0131lan a\u00e7\u0131klamada, 26 \u015eubat 2026 tarihinden sonra toprak ve hava \u015fartlar\u0131n\u0131n uygun olmas\u0131 halinde, \u00fcreticilerin Halkal\u0131 Leke hastal\u0131\u011f\u0131na kar\u015f\u0131 ruhsatl\u0131 bitki koruma \u00fcr\u00fcnleri ile ila\u00e7lama yapmalar\u0131 gerekti\u011fi ifade edildi.<br \/>\n<br \/>Yetkililer, \u00fcreticilerin ila\u00e7lama \u00f6ncesinde hava durumunu takip etmeleri, etiket bilgilerine uygun doz ve uygulama y\u00f6ntemlerini kullanmalar\u0131 gerekti\u011fini vurgularken, aksi takdirde verim ve kalite kay\u0131plar\u0131n\u0131n ya\u015fanabilece\u011fi uyar\u0131s\u0131nda bulundu.<br \/>\n<br \/>Zeytin \u00fcreticilerinin ma\u011fduriyet ya\u015famamalar\u0131 ad\u0131na gerekli tedbirleri zaman\u0131nda almalar\u0131 istenirken, detayl\u0131 bilgi i\u00e7in Saruhanl\u0131 \u0130l\u00e7e Tar\u0131m ve Orman M\u00fcd\u00fcrl\u00fc\u011f\u00fc\u2019ne ba\u015fvurabilecekleri bildirildi.<br \/><\/p>\n","protected":false},"excerpt":{"rendered":"<p>Saruhanl\u0131 \u0130l\u00e7e Tar\u0131m ve Orman M\u00fcd\u00fcrl\u00fc\u011f\u00fc, erken tahmin ve uyar\u0131 istasyonlar\u0131ndan al\u0131nan veriler do\u011frultusunda zeytin a\u011fa\u00e7lar\u0131nda halkal\u0131 leke hastal\u0131\u011f\u0131 riskinin artt\u0131\u011f\u0131n\u0131 a\u00e7\u0131klad\u0131. \u0130l\u00e7e genelinde yap\u0131lan teknik de\u011ferlendirmelerde, Zeytin Halkal\u0131 Leke hastal\u0131\u011f\u0131 i\u00e7in enfeksiyon ve hastal\u0131k \u015fiddetinin y\u00fckseldi\u011finin g\u00f6r\u00fcld\u00fc\u011f\u00fc belirtildi. \u00d6zellikle nemli ve \u0131l\u0131man hava \u015fartlar\u0131n\u0131n hastal\u0131\u011f\u0131n yay\u0131l\u0131m\u0131n\u0131 h\u0131zland\u0131rd\u0131\u011f\u0131na dikkat \u00e7ekildi. Saruhanl\u0131 \u0130l\u00e7e Tar\u0131m ve Orman&#8230;<\/p>\n","protected":false},"author":1,"featured_media":90196,"comment_status":"open","ping_status":"open","sticky":false,"template":"","format":"standard","meta":{"_crdt_document":"","footnotes":""},"categories":[125],"tags":[],"class_list":["post-90195","post","type-post","status-publish","format-standard","has-post-thumbnail","hentry","category-ekonomi"],"_links":{"self":[{"href":"https:\/\/www.egemtv.com\/index.php?rest_route=\/wp\/v2\/posts\/90195","targetHints":{"allow":["GET"]}}],"collection":[{"href":"https:\/\/www.egemtv.com\/index.php?rest_route=\/wp\/v2\/posts"}],"about":[{"href":"https:\/\/www.egemtv.com\/index.php?rest_route=\/wp\/v2\/types\/post"}],"author":[{"embeddable":true,"href":"https:\/\/www.egemtv.com\/index.php?rest_route=\/wp\/v2\/users\/1"}],"replies":[{"embeddable":true,"href":"https:\/\/www.egemtv.com\/index.php?rest_route=%2Fwp%2Fv2%2Fcomments&post=90195"}],"version-history":[{"count":1,"href":"https:\/\/www.egemtv.com\/index.php?rest_route=\/wp\/v2\/posts\/90195\/revisions"}],"predecessor-version":[{"id":90197,"href":"https:\/\/www.egemtv.com\/index.php?rest_route=\/wp\/v2\/posts\/90195\/revisions\/90197"}],"wp:featuredmedia":[{"embeddable":true,"href":"https:\/\/www.egemtv.com\/index.php?rest_route=\/wp\/v2\/media\/90196"}],"wp:attachment":[{"href":"https:\/\/www.egemtv.com\/index.php?rest_route=%2Fwp%2Fv2%2Fmedia&parent=90195"}],"wp:term":[{"taxonomy":"category","embeddable":true,"href":"https:\/\/www.egemtv.com\/index.php?rest_route=%2Fwp%2Fv2%2Fcategories&post=90195"},{"taxonomy":"post_tag","embeddable":true,"href":"https:\/\/www.egemtv.com\/index.php?rest_route=%2Fwp%2Fv2%2Ftags&post=90195"}],"curies":[{"name":"wp","href":"https:\/\/api.w.org\/{rel}","templated":true}]}}