{"id":90192,"date":"2026-02-25T08:14:43","date_gmt":"2026-02-25T05:14:43","guid":{"rendered":"https:\/\/www.egemtv.com\/?p=90192"},"modified":"2026-02-25T08:14:43","modified_gmt":"2026-02-25T05:14:43","slug":"sarigolde-bademler-cicek-acti-papatyalar-tarlalari-susledi","status":"publish","type":"post","link":"https:\/\/www.egemtv.com\/?p=90192","title":{"rendered":"Sar\u0131g\u00f6l\u2019de bademler \u00e7i\u00e7ek a\u00e7t\u0131 papatyalar tarlalar\u0131 s\u00fcsledi"},"content":{"rendered":"<p>Manisa\u2019n\u0131n Sar\u0131g\u00f6l il\u00e7esinde \u015fubat ay\u0131nda ya\u015fanan \u0131l\u0131k hava, do\u011fay\u0131 adeta bahara \u00e7evirdi. Hava s\u0131cakl\u0131\u011f\u0131n\u0131n 16 dereceye kadar y\u00fckseldi\u011fi il\u00e7ede badem a\u011fa\u00e7lar\u0131 \u00e7i\u00e7ek a\u00e7arken, papatyalar tarlalar\u0131 beyaza b\u00fcr\u00fcd\u00fc. \u00c7ocuklar yalanc\u0131 bahar\u0131n keyfini \u00e7\u0131kar\u0131rken, \u00fcreticiler ise olabilecek don riskine kar\u015f\u0131 endi\u015feli bekleyi\u015flerini s\u00fcrd\u00fcr\u00fcyor.<br \/>\n<br \/>Manisa\u2019n\u0131n Sar\u0131g\u00f6l il\u00e7esinde etkili olan \u0131l\u0131k hava, \u015fubat ay\u0131nda bahar manzaralar\u0131n\u0131 beraberinde getirdi. Hava s\u0131cakl\u0131\u011f\u0131n\u0131n 16 derece \u00f6l\u00e7\u00fcld\u00fc\u011f\u00fc il\u00e7ede \u00e7ift\u00e7iler ba\u011f ve bah\u00e7elerde \u00e7al\u0131\u015fmaya ba\u015flarken, \u00e7ocuklar ve torunlar da tarla k\u0131y\u0131lar\u0131nda a\u00e7an badem \u00e7i\u00e7ekleri ve papatyalar aras\u0131nda vakit ge\u00e7irerek mevsim normallerinin \u00fczerindeki havan\u0131n tad\u0131n\u0131 \u00e7\u0131kard\u0131.<br \/>\n<br \/>Tarlalarda \u00e7al\u0131\u015fan \u00e7ift\u00e7iler, sabah ve \u00f6\u011fle yemeklerini \u00e7i\u00e7ek a\u00e7an badem a\u011fa\u00e7lar\u0131n\u0131n alt\u0131nda, papatyalarla kapl\u0131 alanlarda yiyerek g\u00fczel havan\u0131n keyfini s\u00fcrd\u00fc. \u015eubat ay\u0131nda ya\u015fanan bu bahar havas\u0131, g\u00f6rsel olarak y\u00fczleri g\u00fcld\u00fcrse de \u00fcreticiler temkinli.<br \/>\n<br \/>Sar\u0131g\u00f6l\u2019\u00fcn Emcelli Mahallesi\u2019nde \u00e7ift\u00e7ilik yapan Galip Ayd\u0131nalp, ya\u015fanan s\u0131cakl\u0131k art\u0131\u015f\u0131n\u0131n sevindirici oldu\u011fu kadar d\u00fc\u015f\u00fcnd\u00fcr\u00fcc\u00fc oldu\u011funu belirterek, &#8220;\u015eubat ay\u0131nda \u0131l\u0131k bir g\u00fcn ge\u00e7iriyoruz. Bademler a\u00e7t\u0131, papatyalar\u0131 her yerde g\u00f6rmek m\u00fcmk\u00fcn. Bu hava bizleri sevindirse de endi\u015fe veriyor. \u00d6n\u00fcm\u00fczde mart ay\u0131nda k\u0131ra\u011f\u0131 ve don olaylar\u0131 olursa bunlar zarar g\u00f6r\u00fcr.&#8221; dedi.<br \/>\n<br \/>\u0130l\u00e7ede vatanda\u015flar yalanc\u0131 bahar\u0131n keyfini \u00e7\u0131kar\u0131rken, \u00e7ift\u00e7iler ise mart ay\u0131nda ya\u015fanabilecek muhtemel don riskine kar\u015f\u0131 temkinli bekleyi\u015fini s\u00fcrd\u00fcr\u00fcyor.<br \/><\/p>\n","protected":false},"excerpt":{"rendered":"<p>Manisa\u2019n\u0131n Sar\u0131g\u00f6l il\u00e7esinde \u015fubat ay\u0131nda ya\u015fanan \u0131l\u0131k hava, do\u011fay\u0131 adeta bahara \u00e7evirdi. Hava s\u0131cakl\u0131\u011f\u0131n\u0131n 16 dereceye kadar y\u00fckseldi\u011fi il\u00e7ede badem a\u011fa\u00e7lar\u0131 \u00e7i\u00e7ek a\u00e7arken, papatyalar tarlalar\u0131 beyaza b\u00fcr\u00fcd\u00fc. \u00c7ocuklar yalanc\u0131 bahar\u0131n keyfini \u00e7\u0131kar\u0131rken, \u00fcreticiler ise olabilecek don riskine kar\u015f\u0131 endi\u015feli bekleyi\u015flerini s\u00fcrd\u00fcr\u00fcyor. Manisa\u2019n\u0131n Sar\u0131g\u00f6l il\u00e7esinde etkili olan \u0131l\u0131k hava, \u015fubat ay\u0131nda bahar manzaralar\u0131n\u0131 beraberinde getirdi. Hava&#8230;<\/p>\n","protected":false},"author":1,"featured_media":90193,"comment_status":"open","ping_status":"open","sticky":false,"template":"","format":"standard","meta":{"_crdt_document":"","footnotes":""},"categories":[1],"tags":[],"class_list":["post-90192","post","type-post","status-publish","format-standard","has-post-thumbnail","hentry","category-guncel"],"_links":{"self":[{"href":"https:\/\/www.egemtv.com\/index.php?rest_route=\/wp\/v2\/posts\/90192","targetHints":{"allow":["GET"]}}],"collection":[{"href":"https:\/\/www.egemtv.com\/index.php?rest_route=\/wp\/v2\/posts"}],"about":[{"href":"https:\/\/www.egemtv.com\/index.php?rest_route=\/wp\/v2\/types\/post"}],"author":[{"embeddable":true,"href":"https:\/\/www.egemtv.com\/index.php?rest_route=\/wp\/v2\/users\/1"}],"replies":[{"embeddable":true,"href":"https:\/\/www.egemtv.com\/index.php?rest_route=%2Fwp%2Fv2%2Fcomments&post=90192"}],"version-history":[{"count":1,"href":"https:\/\/www.egemtv.com\/index.php?rest_route=\/wp\/v2\/posts\/90192\/revisions"}],"predecessor-version":[{"id":90194,"href":"https:\/\/www.egemtv.com\/index.php?rest_route=\/wp\/v2\/posts\/90192\/revisions\/90194"}],"wp:featuredmedia":[{"embeddable":true,"href":"https:\/\/www.egemtv.com\/index.php?rest_route=\/wp\/v2\/media\/90193"}],"wp:attachment":[{"href":"https:\/\/www.egemtv.com\/index.php?rest_route=%2Fwp%2Fv2%2Fmedia&parent=90192"}],"wp:term":[{"taxonomy":"category","embeddable":true,"href":"https:\/\/www.egemtv.com\/index.php?rest_route=%2Fwp%2Fv2%2Fcategories&post=90192"},{"taxonomy":"post_tag","embeddable":true,"href":"https:\/\/www.egemtv.com\/index.php?rest_route=%2Fwp%2Fv2%2Ftags&post=90192"}],"curies":[{"name":"wp","href":"https:\/\/api.w.org\/{rel}","templated":true}]}}