{"id":90189,"date":"2026-02-25T03:54:29","date_gmt":"2026-02-25T00:54:29","guid":{"rendered":"https:\/\/www.egemtv.com\/?p=90189"},"modified":"2026-02-25T03:54:30","modified_gmt":"2026-02-25T00:54:30","slug":"aydinda-15-yasindaki-cocuk-ailesi-tarafindan-olu-bulundu","status":"publish","type":"post","link":"https:\/\/www.egemtv.com\/?p=90189","title":{"rendered":"Ayd\u0131n\u2019da 15 ya\u015f\u0131ndaki \u00e7ocuk ailesi taraf\u0131ndan \u00f6l\u00fc bulundu"},"content":{"rendered":"<p>Ayd\u0131n\u2019\u0131n Efeler il\u00e7esinde 15 ya\u015f\u0131ndaki bir \u00e7ocuk ailesi taraf\u0131ndan \u00f6l\u00fc olarak bulundu.<br \/>\n<br \/>Olay, Efeler Mahallesi 1407 Sokak \u00fczerindeki bir sitede gece saatlerinde meydana geldi. Edinilen bilgiye g\u00f6re, apartman\u0131n d\u00f6rd\u00fcnc\u00fc kat\u0131nda ikamet eden \u00c7etin I. (15) ailesi taraf\u0131ndan odas\u0131nda as\u0131l\u0131 halde bulundu. Ailesinin yard\u0131m \u00e7\u0131\u011fl\u0131klar\u0131n\u0131 duyan kom\u015fular\u0131 durumu 112 Acil \u00c7a\u011fr\u0131 Merkezi\u2019ne bildirdi. \u0130hbar \u00fczerine b\u00f6lgeye sa\u011fl\u0131k ve polis ekipleri sevk edildi. K\u0131sa s\u00fcrede olay yerine gelen sa\u011fl\u0131k ekipleri yapt\u0131klar\u0131 kontrollerde \u00c7etin I.\u2019n\u0131n hayat\u0131n\u0131 kaybetti\u011fini belirledi. Ac\u0131 haberi alan ailesi yasa bo\u011fulurken, olay yerine gelen yak\u0131nlar\u0131 da g\u00f6zya\u015flar\u0131na hakim olamad\u0131. \u00c7etin I.\u2019n\u0131n cans\u0131z bedeni gerekli olay yeri inceleme \u00e7al\u0131\u015fmalar\u0131n\u0131n ard\u0131ndan hastane morguna kald\u0131r\u0131ld\u0131.<br \/>\n<br \/>Olayla ilgili soru\u015fturma s\u00fcr\u00fcyor.<br \/><\/p>\n","protected":false},"excerpt":{"rendered":"<p>Ayd\u0131n\u2019\u0131n Efeler il\u00e7esinde 15 ya\u015f\u0131ndaki bir \u00e7ocuk ailesi taraf\u0131ndan \u00f6l\u00fc olarak bulundu. Olay, Efeler Mahallesi 1407 Sokak \u00fczerindeki bir sitede gece saatlerinde meydana geldi. Edinilen bilgiye g\u00f6re, apartman\u0131n d\u00f6rd\u00fcnc\u00fc kat\u0131nda ikamet eden \u00c7etin I. (15) ailesi taraf\u0131ndan odas\u0131nda as\u0131l\u0131 halde bulundu. Ailesinin yard\u0131m \u00e7\u0131\u011fl\u0131klar\u0131n\u0131 duyan kom\u015fular\u0131 durumu 112 Acil \u00c7a\u011fr\u0131 Merkezi\u2019ne bildirdi. \u0130hbar \u00fczerine b\u00f6lgeye&#8230;<\/p>\n","protected":false},"author":1,"featured_media":90190,"comment_status":"open","ping_status":"open","sticky":false,"template":"","format":"standard","meta":{"_crdt_document":"","footnotes":""},"categories":[5],"tags":[],"class_list":["post-90189","post","type-post","status-publish","format-standard","has-post-thumbnail","hentry","category-asayis"],"_links":{"self":[{"href":"https:\/\/www.egemtv.com\/index.php?rest_route=\/wp\/v2\/posts\/90189","targetHints":{"allow":["GET"]}}],"collection":[{"href":"https:\/\/www.egemtv.com\/index.php?rest_route=\/wp\/v2\/posts"}],"about":[{"href":"https:\/\/www.egemtv.com\/index.php?rest_route=\/wp\/v2\/types\/post"}],"author":[{"embeddable":true,"href":"https:\/\/www.egemtv.com\/index.php?rest_route=\/wp\/v2\/users\/1"}],"replies":[{"embeddable":true,"href":"https:\/\/www.egemtv.com\/index.php?rest_route=%2Fwp%2Fv2%2Fcomments&post=90189"}],"version-history":[{"count":1,"href":"https:\/\/www.egemtv.com\/index.php?rest_route=\/wp\/v2\/posts\/90189\/revisions"}],"predecessor-version":[{"id":90191,"href":"https:\/\/www.egemtv.com\/index.php?rest_route=\/wp\/v2\/posts\/90189\/revisions\/90191"}],"wp:featuredmedia":[{"embeddable":true,"href":"https:\/\/www.egemtv.com\/index.php?rest_route=\/wp\/v2\/media\/90190"}],"wp:attachment":[{"href":"https:\/\/www.egemtv.com\/index.php?rest_route=%2Fwp%2Fv2%2Fmedia&parent=90189"}],"wp:term":[{"taxonomy":"category","embeddable":true,"href":"https:\/\/www.egemtv.com\/index.php?rest_route=%2Fwp%2Fv2%2Fcategories&post=90189"},{"taxonomy":"post_tag","embeddable":true,"href":"https:\/\/www.egemtv.com\/index.php?rest_route=%2Fwp%2Fv2%2Ftags&post=90189"}],"curies":[{"name":"wp","href":"https:\/\/api.w.org\/{rel}","templated":true}]}}