{"id":90186,"date":"2026-02-25T00:34:33","date_gmt":"2026-02-24T21:34:33","guid":{"rendered":"https:\/\/www.egemtv.com\/?p=90186"},"modified":"2026-02-25T00:34:34","modified_gmt":"2026-02-24T21:34:34","slug":"manisada-abarti-egzoza-gecit-yok","status":"publish","type":"post","link":"https:\/\/www.egemtv.com\/?p=90186","title":{"rendered":"Manisa\u2019da abart\u0131 egzoza ge\u00e7it yok"},"content":{"rendered":"<p>Manisa\u2019da y\u00fcksek ses ve abart\u0131 egzoz denetimlerinde \u00e7ok say\u0131da s\u00fcr\u00fcc\u00fcye i\u015flem yap\u0131l\u0131rken, 6 g\u00fcnde 2 milyon 133 bin 404 lira ceza kesildi\u011fi ve 66 arac\u0131n trafikten men edildi\u011fi bildirildi.<br \/>\n<br \/>Manisa \u0130l Emniyet M\u00fcd\u00fcrl\u00fc\u011f\u00fc Trafik Denetleme \u015eube M\u00fcd\u00fcrl\u00fc\u011f\u00fc ve il\u00e7e trafik birimleri taraf\u0131ndan 18-23 \u015eubat tarihleri aras\u0131nda abart\u0131 egzoz ve y\u00fcksek ses \u00e7\u0131karan ara\u00e7lara y\u00f6nelik geni\u015f \u00e7apl\u0131 denetim ger\u00e7ekle\u015ftirildi. \u0130l genelinde 40 ekip ve 64 personelin kat\u0131l\u0131m\u0131yla yap\u0131lan uygulamalarda toplam 2 bin 197 ara\u00e7 ve s\u00fcr\u00fcc\u00fcs\u00fcn\u00fcn kontrol edildi\u011fi a\u00e7\u0131kland\u0131. Denetimlerde kusurlu bulunan 413 ara\u00e7 ve s\u00fcr\u00fcc\u00fcs\u00fcne 2918 say\u0131l\u0131 Karayollar\u0131 Trafik Kanunu kapsam\u0131nda i\u015flem yap\u0131ld\u0131\u011f\u0131 \u00f6\u011frenildi.<br \/>\n<br \/>Denetimler kapsam\u0131nda abart\u0131 egzozdan 8 ara\u00e7 ve s\u00fcr\u00fcc\u00fcs\u00fcne, y\u00fcksek ses kapsam\u0131nda 26 ara\u00e7 ve s\u00fcr\u00fcc\u00fcs\u00fcne, di\u011fer maddelerden ise 379 ara\u00e7 ve s\u00fcr\u00fcc\u00fcs\u00fcne cezai i\u015flem uyguland\u0131\u011f\u0131 a\u00e7\u0131kland\u0131.<br \/>\n<br \/>Yap\u0131lan i\u015flemler sonucunda toplam 2 milyon 133 bin 404 lira idari para cezas\u0131 kesildi\u011fi ve 66 arac\u0131n trafikten men edildi\u011fi \u00f6\u011frenildi.<br \/><\/p>\n","protected":false},"excerpt":{"rendered":"<p>Manisa\u2019da y\u00fcksek ses ve abart\u0131 egzoz denetimlerinde \u00e7ok say\u0131da s\u00fcr\u00fcc\u00fcye i\u015flem yap\u0131l\u0131rken, 6 g\u00fcnde 2 milyon 133 bin 404 lira ceza kesildi\u011fi ve 66 arac\u0131n trafikten men edildi\u011fi bildirildi. Manisa \u0130l Emniyet M\u00fcd\u00fcrl\u00fc\u011f\u00fc Trafik Denetleme \u015eube M\u00fcd\u00fcrl\u00fc\u011f\u00fc ve il\u00e7e trafik birimleri taraf\u0131ndan 18-23 \u015eubat tarihleri aras\u0131nda abart\u0131 egzoz ve y\u00fcksek ses \u00e7\u0131karan ara\u00e7lara y\u00f6nelik geni\u015f&#8230;<\/p>\n","protected":false},"author":1,"featured_media":90187,"comment_status":"open","ping_status":"open","sticky":false,"template":"","format":"standard","meta":{"_crdt_document":"","footnotes":""},"categories":[5],"tags":[],"class_list":["post-90186","post","type-post","status-publish","format-standard","has-post-thumbnail","hentry","category-asayis"],"_links":{"self":[{"href":"https:\/\/www.egemtv.com\/index.php?rest_route=\/wp\/v2\/posts\/90186","targetHints":{"allow":["GET"]}}],"collection":[{"href":"https:\/\/www.egemtv.com\/index.php?rest_route=\/wp\/v2\/posts"}],"about":[{"href":"https:\/\/www.egemtv.com\/index.php?rest_route=\/wp\/v2\/types\/post"}],"author":[{"embeddable":true,"href":"https:\/\/www.egemtv.com\/index.php?rest_route=\/wp\/v2\/users\/1"}],"replies":[{"embeddable":true,"href":"https:\/\/www.egemtv.com\/index.php?rest_route=%2Fwp%2Fv2%2Fcomments&post=90186"}],"version-history":[{"count":1,"href":"https:\/\/www.egemtv.com\/index.php?rest_route=\/wp\/v2\/posts\/90186\/revisions"}],"predecessor-version":[{"id":90188,"href":"https:\/\/www.egemtv.com\/index.php?rest_route=\/wp\/v2\/posts\/90186\/revisions\/90188"}],"wp:featuredmedia":[{"embeddable":true,"href":"https:\/\/www.egemtv.com\/index.php?rest_route=\/wp\/v2\/media\/90187"}],"wp:attachment":[{"href":"https:\/\/www.egemtv.com\/index.php?rest_route=%2Fwp%2Fv2%2Fmedia&parent=90186"}],"wp:term":[{"taxonomy":"category","embeddable":true,"href":"https:\/\/www.egemtv.com\/index.php?rest_route=%2Fwp%2Fv2%2Fcategories&post=90186"},{"taxonomy":"post_tag","embeddable":true,"href":"https:\/\/www.egemtv.com\/index.php?rest_route=%2Fwp%2Fv2%2Ftags&post=90186"}],"curies":[{"name":"wp","href":"https:\/\/api.w.org\/{rel}","templated":true}]}}