{"id":90183,"date":"2026-02-24T23:34:37","date_gmt":"2026-02-24T20:34:37","guid":{"rendered":"https:\/\/www.egemtv.com\/?p=90183"},"modified":"2026-02-24T23:34:37","modified_gmt":"2026-02-24T20:34:37","slug":"izmirde-surucuye-darp-olayiyla-ilgili-polislere-idari-islem","status":"publish","type":"post","link":"https:\/\/www.egemtv.com\/?p=90183","title":{"rendered":"\u0130zmir\u2019de s\u00fcr\u00fcc\u00fcye darp olay\u0131yla ilgili polislere idari i\u015flem"},"content":{"rendered":"<p>\u0130zmir\u2019in Narl\u0131dere il\u00e7esinde bir s\u00fcr\u00fcc\u00fcye darp olay\u0131na kar\u0131\u015fan 2 polis memuru hakk\u0131nda idari i\u015flem ba\u015flat\u0131l\u0131rken, polis memurlar\u0131ndan biri a\u00e7\u0131\u011fa al\u0131nd\u0131.<br \/>\n<br \/>\u0130ddiaya g\u00f6re, Narl\u0131dere il\u00e7esinde \u015e.B. (27) idaresinde seyir halinde olan otomobil, s\u00fcr\u00fcc\u00fcs\u00fcn\u00fcn makas att\u0131\u011f\u0131 iddias\u0131yla polis ekipleri taraf\u0131ndan durduruldu. Ara\u00e7tan indirilen s\u00fcr\u00fcc\u00fc, kolunun \u00e7ekilmesine tepki g\u00f6sterince polis ekiplerince darbedildi. Polis ekiplerinin s\u00fcr\u00fcc\u00fcy\u00fc g\u00f6zalt\u0131na ald\u0131\u011f\u0131 anlar ara\u00e7 kameras\u0131na saniye saniye yans\u0131d\u0131.<br \/>\n<br \/>Emniyet kaynaklar\u0131ndan edinilen bilgiye g\u00f6re, olaya kar\u0131\u015fan 2 polis memuru hakk\u0131nda gerekli idari i\u015flemler ba\u015flat\u0131ld\u0131, ayr\u0131ca darp konusunu ger\u00e7ekle\u015ftiren polis memurunun olay sonras\u0131 a\u00e7\u0131\u011fa al\u0131nd\u0131\u011f\u0131 \u00f6\u011frenildi.<br \/><\/p>\n","protected":false},"excerpt":{"rendered":"<p>\u0130zmir\u2019in Narl\u0131dere il\u00e7esinde bir s\u00fcr\u00fcc\u00fcye darp olay\u0131na kar\u0131\u015fan 2 polis memuru hakk\u0131nda idari i\u015flem ba\u015flat\u0131l\u0131rken, polis memurlar\u0131ndan biri a\u00e7\u0131\u011fa al\u0131nd\u0131. \u0130ddiaya g\u00f6re, Narl\u0131dere il\u00e7esinde \u015e.B. (27) idaresinde seyir halinde olan otomobil, s\u00fcr\u00fcc\u00fcs\u00fcn\u00fcn makas att\u0131\u011f\u0131 iddias\u0131yla polis ekipleri taraf\u0131ndan durduruldu. Ara\u00e7tan indirilen s\u00fcr\u00fcc\u00fc, kolunun \u00e7ekilmesine tepki g\u00f6sterince polis ekiplerince darbedildi. Polis ekiplerinin s\u00fcr\u00fcc\u00fcy\u00fc g\u00f6zalt\u0131na ald\u0131\u011f\u0131 anlar&#8230;<\/p>\n","protected":false},"author":1,"featured_media":90184,"comment_status":"open","ping_status":"open","sticky":false,"template":"","format":"standard","meta":{"_crdt_document":"","footnotes":""},"categories":[5],"tags":[],"class_list":["post-90183","post","type-post","status-publish","format-standard","has-post-thumbnail","hentry","category-asayis"],"_links":{"self":[{"href":"https:\/\/www.egemtv.com\/index.php?rest_route=\/wp\/v2\/posts\/90183","targetHints":{"allow":["GET"]}}],"collection":[{"href":"https:\/\/www.egemtv.com\/index.php?rest_route=\/wp\/v2\/posts"}],"about":[{"href":"https:\/\/www.egemtv.com\/index.php?rest_route=\/wp\/v2\/types\/post"}],"author":[{"embeddable":true,"href":"https:\/\/www.egemtv.com\/index.php?rest_route=\/wp\/v2\/users\/1"}],"replies":[{"embeddable":true,"href":"https:\/\/www.egemtv.com\/index.php?rest_route=%2Fwp%2Fv2%2Fcomments&post=90183"}],"version-history":[{"count":1,"href":"https:\/\/www.egemtv.com\/index.php?rest_route=\/wp\/v2\/posts\/90183\/revisions"}],"predecessor-version":[{"id":90185,"href":"https:\/\/www.egemtv.com\/index.php?rest_route=\/wp\/v2\/posts\/90183\/revisions\/90185"}],"wp:featuredmedia":[{"embeddable":true,"href":"https:\/\/www.egemtv.com\/index.php?rest_route=\/wp\/v2\/media\/90184"}],"wp:attachment":[{"href":"https:\/\/www.egemtv.com\/index.php?rest_route=%2Fwp%2Fv2%2Fmedia&parent=90183"}],"wp:term":[{"taxonomy":"category","embeddable":true,"href":"https:\/\/www.egemtv.com\/index.php?rest_route=%2Fwp%2Fv2%2Fcategories&post=90183"},{"taxonomy":"post_tag","embeddable":true,"href":"https:\/\/www.egemtv.com\/index.php?rest_route=%2Fwp%2Fv2%2Ftags&post=90183"}],"curies":[{"name":"wp","href":"https:\/\/api.w.org\/{rel}","templated":true}]}}