{"id":90180,"date":"2026-02-24T22:54:41","date_gmt":"2026-02-24T19:54:41","guid":{"rendered":"https:\/\/www.egemtv.com\/?p=90180"},"modified":"2026-02-24T22:54:42","modified_gmt":"2026-02-24T19:54:42","slug":"baskan-cercioglu-ataturk-parki-tartismalarina-son-noktayi-koydu","status":"publish","type":"post","link":"https:\/\/www.egemtv.com\/?p=90180","title":{"rendered":"Ba\u015fkan \u00c7er\u00e7io\u011flu Atat\u00fcrk Park\u0131 tart\u0131\u015fmalar\u0131na son noktay\u0131 koydu"},"content":{"rendered":"<p>Ayd\u0131n B\u00fcy\u00fck\u015fehir Belediyesi taraf\u0131ndan S\u00f6ke \u00c7ar\u015famba Pazar\u0131\u2019nda d\u00fczenlenen iftar program\u0131, binlerce vatanda\u015f\u0131n kat\u0131l\u0131m\u0131yla ger\u00e7ekle\u015ftirilirken, iftar program\u0131 sonras\u0131 B\u00fcy\u00fck\u015fehir Belediye Ba\u015fkan\u0131 \u00d6zlem \u00c7er\u00e7io\u011flu Atat\u00fcrk Park\u0131 tart\u0131\u015fmalar\u0131na son noktay\u0131 koyarak konunun siyaset malzemesi yap\u0131lmas\u0131na tepki g\u00f6sterdi.<\/p>\n<p>\u0130ftar \u00f6ncesinde ve sonras\u0131nda vatanda\u015flarla tek tek selamla\u015fan Ayd\u0131n B\u00fcy\u00fck\u015fehir Belediye Ba\u015fkan\u0131 \u00d6zlem \u00c7er\u00e7io\u011flu, masalar\u0131 dola\u015farak hem\u015fehrileriyle sohbet etti. \u0130ftar\u0131n ard\u0131ndan Ba\u015fkan \u00c7er\u00e7io\u011flu, S\u00f6ke Belediye Ba\u015fkan\u0131 Mustafa \u0130berya Ar\u0131kan ve AK Parti Ayd\u0131n \u0130l Ba\u015fkan\u0131 Mehmet Erdem ile birlikte vatanda\u015flara \u00e7ay ikram\u0131nda bulundu. \u0130ffar program\u0131na kat\u0131lan vatanda\u015flar organizasyonda eme\u011fi ge\u00e7en herkese te\u015fekk\u00fcr etti.<\/p>\n<p>Ayd\u0131n B\u00fcy\u00fck\u015fehir Belediye Ba\u015fkan\u0131 \u00d6zlem \u00c7er\u00e7io\u011flu, kamuoyunda tart\u0131\u015fma konusu olan S\u00f6ke Atat\u00fcrk Park\u0131 ve &#8220;Millet Bah\u00e7esi&#8221; projesiyle ilgili a\u00e7\u0131klamalarda bulundu. Park\u0131n isminin de\u011fi\u015ftirilmesinin s\u00f6z konusu olmad\u0131\u011f\u0131n\u0131 vurgulayan \u00c7er\u00e7io\u011flu, konunun siyaset malzemesi yap\u0131lmas\u0131na tepki g\u00f6sterdi. Son d\u00f6nemde S\u00f6ke Atat\u00fcrk Park\u0131\u2019n\u0131n \u2019Millet Bah\u00e7esi\u2019 projesi kapsam\u0131nda yeniden d\u00fczenlenece\u011fi, s\u00fcre\u00e7te ihale haz\u0131rl\u0131klar\u0131n\u0131n yap\u0131ld\u0131\u011f\u0131 ve alan\u0131n farkl\u0131 bir konseptle projelendirilece\u011fi y\u00f6n\u00fcnde tart\u0131\u015fmalar g\u00fcndeme gelmi\u015fti. Bu s\u00fcre\u00e7te park\u0131n isminin de\u011fi\u015ftirilece\u011fi iddialar\u0131 da kamuoyunda yer buldu. Konuya ili\u015fkin konu\u015fan Ba\u015fkan \u00c7er\u00e7io\u011flu, bu iddialara sert ifadelerle yan\u0131t vererek, &#8220;Atat\u00fcrk Park\u0131m\u0131zla ilgili son noktay\u0131 daha \u00f6nce koymu\u015ftum. Atat\u00fcrk\u2019\u00fcn isminin de\u011fi\u015ftirilmesi m\u00fcmk\u00fcn de\u011fil. Kendisini bilmez ki\u015filer buradan siyaset \u00fcretmeye \u00e7al\u0131\u015f\u0131yor&#8221; dedi.<\/p>\n<p>\u00c7er\u00e7io\u011flu, Mustafa Kemal Atat\u00fcrk\u2019\u00fcn ad\u0131n\u0131n siyasi tart\u0131\u015fmalara alet edilmesine kar\u015f\u0131 olduklar\u0131n\u0131 belirterek, &#8220;Ulu \u00f6nderimizin ismini kullanarak onun arkas\u0131na s\u0131\u011f\u0131narak siyaset \u00fcretenleri buradan k\u0131n\u0131yorum&#8221; ifadelerini kulland\u0131.<br \/><\/p>\n","protected":false},"excerpt":{"rendered":"<p>Ayd\u0131n B\u00fcy\u00fck\u015fehir Belediyesi taraf\u0131ndan S\u00f6ke \u00c7ar\u015famba Pazar\u0131\u2019nda d\u00fczenlenen iftar program\u0131, binlerce vatanda\u015f\u0131n kat\u0131l\u0131m\u0131yla ger\u00e7ekle\u015ftirilirken, iftar program\u0131 sonras\u0131 B\u00fcy\u00fck\u015fehir Belediye Ba\u015fkan\u0131 \u00d6zlem \u00c7er\u00e7io\u011flu Atat\u00fcrk Park\u0131 tart\u0131\u015fmalar\u0131na son noktay\u0131 koyarak konunun siyaset malzemesi yap\u0131lmas\u0131na tepki g\u00f6sterdi. \u0130ftar \u00f6ncesinde ve sonras\u0131nda vatanda\u015flarla tek tek selamla\u015fan Ayd\u0131n B\u00fcy\u00fck\u015fehir Belediye Ba\u015fkan\u0131 \u00d6zlem \u00c7er\u00e7io\u011flu, masalar\u0131 dola\u015farak hem\u015fehrileriyle sohbet etti. \u0130ftar\u0131n ard\u0131ndan&#8230;<\/p>\n","protected":false},"author":1,"featured_media":90181,"comment_status":"open","ping_status":"open","sticky":false,"template":"","format":"standard","meta":{"_crdt_document":"","footnotes":""},"categories":[1],"tags":[],"class_list":["post-90180","post","type-post","status-publish","format-standard","has-post-thumbnail","hentry","category-guncel"],"_links":{"self":[{"href":"https:\/\/www.egemtv.com\/index.php?rest_route=\/wp\/v2\/posts\/90180","targetHints":{"allow":["GET"]}}],"collection":[{"href":"https:\/\/www.egemtv.com\/index.php?rest_route=\/wp\/v2\/posts"}],"about":[{"href":"https:\/\/www.egemtv.com\/index.php?rest_route=\/wp\/v2\/types\/post"}],"author":[{"embeddable":true,"href":"https:\/\/www.egemtv.com\/index.php?rest_route=\/wp\/v2\/users\/1"}],"replies":[{"embeddable":true,"href":"https:\/\/www.egemtv.com\/index.php?rest_route=%2Fwp%2Fv2%2Fcomments&post=90180"}],"version-history":[{"count":1,"href":"https:\/\/www.egemtv.com\/index.php?rest_route=\/wp\/v2\/posts\/90180\/revisions"}],"predecessor-version":[{"id":90182,"href":"https:\/\/www.egemtv.com\/index.php?rest_route=\/wp\/v2\/posts\/90180\/revisions\/90182"}],"wp:featuredmedia":[{"embeddable":true,"href":"https:\/\/www.egemtv.com\/index.php?rest_route=\/wp\/v2\/media\/90181"}],"wp:attachment":[{"href":"https:\/\/www.egemtv.com\/index.php?rest_route=%2Fwp%2Fv2%2Fmedia&parent=90180"}],"wp:term":[{"taxonomy":"category","embeddable":true,"href":"https:\/\/www.egemtv.com\/index.php?rest_route=%2Fwp%2Fv2%2Fcategories&post=90180"},{"taxonomy":"post_tag","embeddable":true,"href":"https:\/\/www.egemtv.com\/index.php?rest_route=%2Fwp%2Fv2%2Ftags&post=90180"}],"curies":[{"name":"wp","href":"https:\/\/api.w.org\/{rel}","templated":true}]}}