{"id":90177,"date":"2026-02-24T22:34:48","date_gmt":"2026-02-24T19:34:48","guid":{"rendered":"https:\/\/www.egemtv.com\/?p=90177"},"modified":"2026-02-24T22:34:49","modified_gmt":"2026-02-24T19:34:49","slug":"baskan-cercioglu-sokede-kurulan-iftar-sofrasinda-vatandaslarla-bulustu","status":"publish","type":"post","link":"https:\/\/www.egemtv.com\/?p=90177","title":{"rendered":"Ba\u015fkan \u00c7er\u00e7io\u011flu S\u00f6ke\u2019de kurulan iftar sofras\u0131nda vatanda\u015flarla bulu\u015ftu"},"content":{"rendered":"<p>Ayd\u0131n B\u00fcy\u00fck\u015fehir Belediyesi\u2019nin Ramazan iftarlar\u0131 kapsam\u0131nda B\u00fcy\u00fck\u015fehir Belediye Ba\u015fkan\u0131 \u00d6zlem \u00c7er\u00e7io\u011flu, S\u00f6ke\u2019de kurulan iftar sofras\u0131nda vatanda\u015flarla bulu\u015farak birlik ve beraberlik mesaj\u0131 verdi.<\/p>\n<p>Ayd\u0131n B\u00fcy\u00fck\u015fehir Belediyesi, Ramazan ay\u0131 dolay\u0131s\u0131yla kent genelinde d\u00fczenledi\u011fi iftar organizasyonlar\u0131n\u0131 s\u00fcrd\u00fcr\u00fcyor. Her y\u0131l oldu\u011fu gibi bu y\u0131l da Ayd\u0131n\u2019\u0131n 17 il\u00e7esinde farkl\u0131 noktalarda kurulan iftar sofralar\u0131nda binlerce vatanda\u015f bir araya geliyor, Ramazan ay\u0131n\u0131n bereketi B\u00fcy\u00fck\u015fehir Belediyesi\u2019nin sofralar\u0131nda payla\u015f\u0131l\u0131yor.<\/p>\n<p>B\u00fcy\u00fck\u015fehir Belediyesi\u2019nin iftar sofralar\u0131 bug\u00fcn de Efeler il\u00e7esi Atat\u00fcrk Kent Meydan\u0131 ve Efeler Mahallesi\u2019nde, Nazilli il\u00e7esi Ye\u015fil Mahalle\u2019de, \u00c7ine il\u00e7esi Ak\u00e7aova Mahallesi\u2019nde, Didim il\u00e7esi Balat Mahallesi\u2019nde, Yenipazar il\u00e7esi E\u011fridere Mahallesi\u2019nde ve S\u00f6ke il\u00e7esi Yenicamii Mahallesi\u2019nde kuruldu.<\/p>\n<p>Ayd\u0131n B\u00fcy\u00fck\u015fehir Belediye Ba\u015fkan\u0131 \u00d6zlem \u00c7er\u00e7io\u011flu; AK Parti Ayd\u0131n \u0130l Ba\u015fkan\u0131 Mehmet Erdem, S\u00f6ke Belediye Ba\u015fkan\u0131 Mustafa \u0130berya Ar\u0131kan, AK Parti Ayd\u0131n \u0130l Gen\u00e7lik Kollar\u0131 Ba\u015fkan\u0131 \u00d6m\u00fcr \u00d6zipek, AK Parti S\u00f6ke \u0130l\u00e7e Ba\u015fkan\u0131 Mehmet Saki O\u011fuz, il ve il\u00e7e y\u00f6neticileri, meclis \u00fcyeleri ve muhtarlar ile birlikte S\u00f6ke il\u00e7esi Yenicamii Mahallesi\u2019nde kurulan iftar sofras\u0131nda vatanda\u015flarla bir araya geldi. Binlerce vatanda\u015f\u0131n kat\u0131ld\u0131\u011f\u0131 iftarda Ba\u015fkan \u00c7er\u00e7io\u011flu, t\u00fcm S\u00f6kelilerin Ramazan ay\u0131n\u0131 kutlad\u0131. Ba\u015fkan \u00c7er\u00e7io\u011flu, Ramazan ay\u0131 boyunca Ayd\u0131n\u2019\u0131n t\u00fcm il\u00e7elerinde, her g\u00fcn farkl\u0131 noktalarda iftar sofralar\u0131n\u0131n kurulmaya devam edece\u011fini belirtti.<\/p>\n<p>Vatanda\u015flar, Ramazan ay\u0131n\u0131n birlik ve beraberlik ruhunu hep birlikte ya\u015fad\u0131klar\u0131n\u0131 belirterek Ba\u015fkan \u00c7er\u00e7io\u011flu\u2019na te\u015fekk\u00fcr etti.<br \/><\/p>\n","protected":false},"excerpt":{"rendered":"<p>Ayd\u0131n B\u00fcy\u00fck\u015fehir Belediyesi\u2019nin Ramazan iftarlar\u0131 kapsam\u0131nda B\u00fcy\u00fck\u015fehir Belediye Ba\u015fkan\u0131 \u00d6zlem \u00c7er\u00e7io\u011flu, S\u00f6ke\u2019de kurulan iftar sofras\u0131nda vatanda\u015flarla bulu\u015farak birlik ve beraberlik mesaj\u0131 verdi. Ayd\u0131n B\u00fcy\u00fck\u015fehir Belediyesi, Ramazan ay\u0131 dolay\u0131s\u0131yla kent genelinde d\u00fczenledi\u011fi iftar organizasyonlar\u0131n\u0131 s\u00fcrd\u00fcr\u00fcyor. Her y\u0131l oldu\u011fu gibi bu y\u0131l da Ayd\u0131n\u2019\u0131n 17 il\u00e7esinde farkl\u0131 noktalarda kurulan iftar sofralar\u0131nda binlerce vatanda\u015f bir araya geliyor, Ramazan&#8230;<\/p>\n","protected":false},"author":1,"featured_media":90178,"comment_status":"open","ping_status":"open","sticky":false,"template":"","format":"standard","meta":{"_crdt_document":"","footnotes":""},"categories":[1],"tags":[],"class_list":["post-90177","post","type-post","status-publish","format-standard","has-post-thumbnail","hentry","category-guncel"],"_links":{"self":[{"href":"https:\/\/www.egemtv.com\/index.php?rest_route=\/wp\/v2\/posts\/90177","targetHints":{"allow":["GET"]}}],"collection":[{"href":"https:\/\/www.egemtv.com\/index.php?rest_route=\/wp\/v2\/posts"}],"about":[{"href":"https:\/\/www.egemtv.com\/index.php?rest_route=\/wp\/v2\/types\/post"}],"author":[{"embeddable":true,"href":"https:\/\/www.egemtv.com\/index.php?rest_route=\/wp\/v2\/users\/1"}],"replies":[{"embeddable":true,"href":"https:\/\/www.egemtv.com\/index.php?rest_route=%2Fwp%2Fv2%2Fcomments&post=90177"}],"version-history":[{"count":1,"href":"https:\/\/www.egemtv.com\/index.php?rest_route=\/wp\/v2\/posts\/90177\/revisions"}],"predecessor-version":[{"id":90179,"href":"https:\/\/www.egemtv.com\/index.php?rest_route=\/wp\/v2\/posts\/90177\/revisions\/90179"}],"wp:featuredmedia":[{"embeddable":true,"href":"https:\/\/www.egemtv.com\/index.php?rest_route=\/wp\/v2\/media\/90178"}],"wp:attachment":[{"href":"https:\/\/www.egemtv.com\/index.php?rest_route=%2Fwp%2Fv2%2Fmedia&parent=90177"}],"wp:term":[{"taxonomy":"category","embeddable":true,"href":"https:\/\/www.egemtv.com\/index.php?rest_route=%2Fwp%2Fv2%2Fcategories&post=90177"},{"taxonomy":"post_tag","embeddable":true,"href":"https:\/\/www.egemtv.com\/index.php?rest_route=%2Fwp%2Fv2%2Ftags&post=90177"}],"curies":[{"name":"wp","href":"https:\/\/api.w.org\/{rel}","templated":true}]}}