{"id":90171,"date":"2026-02-24T22:18:30","date_gmt":"2026-02-24T19:18:30","guid":{"rendered":"https:\/\/www.egemtv.com\/?p=90171"},"modified":"2026-02-24T22:18:31","modified_gmt":"2026-02-24T19:18:31","slug":"izmirde-erasmus-ogrencilerini-rehin-alan-sahte-polisler-tutuklandi","status":"publish","type":"post","link":"https:\/\/www.egemtv.com\/?p=90171","title":{"rendered":"\u0130zmir\u2019de Erasmus \u00f6\u011frencilerini rehin alan sahte polisler tutukland\u0131"},"content":{"rendered":"<p>\u0130zmir\u2019in Bornova il\u00e7esinde kendilerine polis s\u00fcs\u00fc vererek yabanc\u0131 uyruklu \u00f6\u011frencileri rehin alan 3 \u015f\u00fcpheli, d\u00fczenlenen operasyonla yakaland\u0131. G\u00f6zalt\u0131na al\u0131nan \u015fah\u0131slar \u00e7\u0131kar\u0131ld\u0131klar\u0131 mahkemece tutukland\u0131.<br \/>\n<br \/>Olay, Kaz\u0131mdirik Mahallesi 169 Sokak\u2019ta bulunan bir apartmanda meydana geldi. Erasmus e\u011fitimi i\u00e7in T\u00fcrkiye\u2019de bulunan Polonya ve Almanya uyruklu M.H., M.P. ve T.R. isimli \u00f6\u011frenciler, ge\u00e7ici olarak konaklad\u0131klar\u0131 evde al\u0131konuldu. \u0130hbar \u00fczerine hareketen ge\u00e7en polis ekipleri \u015f\u00fcphelilerin polis yele\u011fi giydi\u011fi, \u00fcniforma kulland\u0131\u011f\u0131 ve yanlar\u0131nda kelep\u00e7e bulundurdu\u011fu tespit etti. Bornova Su\u00e7 \u00d6nleme ve Soru\u015fturma B\u00fcro Amirli\u011fi ekipleri taraf\u0131ndan d\u00fczenlenen operasyonda, \u00f6\u011frencileri esir alan ve ya\u011fma su\u00e7lamas\u0131 y\u00f6neltilen E.E., A.D. ve M.D. isimli \u015f\u00fcpheliler su\u00e7\u00fcst\u00fc yakaland\u0131. Emniyetteki i\u015flemlerinin ard\u0131ndan adliyeye sevk edilen 3 \u015f\u00fcpheli tutuklanarak cezaevine g\u00f6nderildi.<br \/><\/p>\n","protected":false},"excerpt":{"rendered":"<p>\u0130zmir\u2019in Bornova il\u00e7esinde kendilerine polis s\u00fcs\u00fc vererek yabanc\u0131 uyruklu \u00f6\u011frencileri rehin alan 3 \u015f\u00fcpheli, d\u00fczenlenen operasyonla yakaland\u0131. G\u00f6zalt\u0131na al\u0131nan \u015fah\u0131slar \u00e7\u0131kar\u0131ld\u0131klar\u0131 mahkemece tutukland\u0131. Olay, Kaz\u0131mdirik Mahallesi 169 Sokak\u2019ta bulunan bir apartmanda meydana geldi. Erasmus e\u011fitimi i\u00e7in T\u00fcrkiye\u2019de bulunan Polonya ve Almanya uyruklu M.H., M.P. ve T.R. isimli \u00f6\u011frenciler, ge\u00e7ici olarak konaklad\u0131klar\u0131 evde al\u0131konuldu. \u0130hbar \u00fczerine&#8230;<\/p>\n","protected":false},"author":1,"featured_media":90172,"comment_status":"open","ping_status":"open","sticky":false,"template":"","format":"standard","meta":{"_crdt_document":"","footnotes":""},"categories":[5],"tags":[],"class_list":["post-90171","post","type-post","status-publish","format-standard","has-post-thumbnail","hentry","category-asayis"],"_links":{"self":[{"href":"https:\/\/www.egemtv.com\/index.php?rest_route=\/wp\/v2\/posts\/90171","targetHints":{"allow":["GET"]}}],"collection":[{"href":"https:\/\/www.egemtv.com\/index.php?rest_route=\/wp\/v2\/posts"}],"about":[{"href":"https:\/\/www.egemtv.com\/index.php?rest_route=\/wp\/v2\/types\/post"}],"author":[{"embeddable":true,"href":"https:\/\/www.egemtv.com\/index.php?rest_route=\/wp\/v2\/users\/1"}],"replies":[{"embeddable":true,"href":"https:\/\/www.egemtv.com\/index.php?rest_route=%2Fwp%2Fv2%2Fcomments&post=90171"}],"version-history":[{"count":1,"href":"https:\/\/www.egemtv.com\/index.php?rest_route=\/wp\/v2\/posts\/90171\/revisions"}],"predecessor-version":[{"id":90173,"href":"https:\/\/www.egemtv.com\/index.php?rest_route=\/wp\/v2\/posts\/90171\/revisions\/90173"}],"wp:featuredmedia":[{"embeddable":true,"href":"https:\/\/www.egemtv.com\/index.php?rest_route=\/wp\/v2\/media\/90172"}],"wp:attachment":[{"href":"https:\/\/www.egemtv.com\/index.php?rest_route=%2Fwp%2Fv2%2Fmedia&parent=90171"}],"wp:term":[{"taxonomy":"category","embeddable":true,"href":"https:\/\/www.egemtv.com\/index.php?rest_route=%2Fwp%2Fv2%2Fcategories&post=90171"},{"taxonomy":"post_tag","embeddable":true,"href":"https:\/\/www.egemtv.com\/index.php?rest_route=%2Fwp%2Fv2%2Ftags&post=90171"}],"curies":[{"name":"wp","href":"https:\/\/api.w.org\/{rel}","templated":true}]}}