{"id":90168,"date":"2026-02-24T22:18:28","date_gmt":"2026-02-24T19:18:28","guid":{"rendered":"https:\/\/www.egemtv.com\/?p=90168"},"modified":"2026-02-24T22:18:29","modified_gmt":"2026-02-24T19:18:29","slug":"davutlarda-oruclar-kusadasi-belediyesinin-iftar-sofrasinda-acildi","status":"publish","type":"post","link":"https:\/\/www.egemtv.com\/?p=90168","title":{"rendered":"Davutlar\u2019da oru\u00e7lar Ku\u015fadas\u0131 Belediyesi\u2019nin iftar sofras\u0131nda a\u00e7\u0131ld\u0131"},"content":{"rendered":"<p>Ku\u015fadas\u0131 Belediyesi taraf\u0131ndan Ramazan ay\u0131n\u0131n \u00fc\u00e7\u00fcnc\u00fc iftar sofras\u0131, Davutlar\u2019da kuruldu. Ayn\u0131 sofrada bir araya gelen binlerce ki\u015fi, okunan dualar e\u015fli\u011finde oru\u00e7lar\u0131n\u0131 a\u00e7t\u0131.<\/p>\n<p>Davutlar Mahallesi Ku\u015fadas\u0131 Belediyesi Ek Hizmet Binas\u0131 bah\u00e7esindeki iftar program\u0131na Ku\u015fadas\u0131 Belediye Ba\u015fkan Vekili \u00c7a\u011flayan Erdem, belediye ba\u015fkan yard\u0131mc\u0131lar\u0131 ve meclis \u00fcyeleriyle birlikte Muhtar Erol Ya\u011fc\u0131o\u011flu da kat\u0131ld\u0131. Binlerce ki\u015finin bir araya geldi\u011fi iftar yeme\u011finde Ramazan ay\u0131n\u0131n birlik, beraberlik ve dayan\u0131\u015fma ruhu ile bereketi Ku\u015fadas\u0131 Belediyesi\u2019nin sofras\u0131nda payla\u015f\u0131ld\u0131. Davutlar Mahallesi sakinleri iftar program\u0131 i\u00e7in Ku\u015fadas\u0131 Belediye Ba\u015fkan\u0131 \u00d6mer G\u00fcnel\u2019e te\u015fekk\u00fcr etti. Ku\u015fadas\u0131 Belediyesi\u2019nin bir sonraki iftar yeme\u011fi yar\u0131n (\u00c7ar\u015famba) G\u00fczel\u00e7aml\u0131 Mahallesi belediye eski hizmet binas\u0131 \u00f6n\u00fcnde d\u00fczenlenecek. Tasavvuf m\u00fczi\u011fi dinletisi ile ba\u015flayacak olan programda \u00e7ocuklar i\u00e7in de \u00e7e\u015fitli e\u011flenceler ger\u00e7ekle\u015ftirilecek.<br \/><\/p>\n","protected":false},"excerpt":{"rendered":"<p>Ku\u015fadas\u0131 Belediyesi taraf\u0131ndan Ramazan ay\u0131n\u0131n \u00fc\u00e7\u00fcnc\u00fc iftar sofras\u0131, Davutlar\u2019da kuruldu. Ayn\u0131 sofrada bir araya gelen binlerce ki\u015fi, okunan dualar e\u015fli\u011finde oru\u00e7lar\u0131n\u0131 a\u00e7t\u0131. Davutlar Mahallesi Ku\u015fadas\u0131 Belediyesi Ek Hizmet Binas\u0131 bah\u00e7esindeki iftar program\u0131na Ku\u015fadas\u0131 Belediye Ba\u015fkan Vekili \u00c7a\u011flayan Erdem, belediye ba\u015fkan yard\u0131mc\u0131lar\u0131 ve meclis \u00fcyeleriyle birlikte Muhtar Erol Ya\u011fc\u0131o\u011flu da kat\u0131ld\u0131. Binlerce ki\u015finin bir araya geldi\u011fi&#8230;<\/p>\n","protected":false},"author":1,"featured_media":90169,"comment_status":"open","ping_status":"open","sticky":false,"template":"","format":"standard","meta":{"_crdt_document":"","footnotes":""},"categories":[1],"tags":[],"class_list":["post-90168","post","type-post","status-publish","format-standard","has-post-thumbnail","hentry","category-guncel"],"_links":{"self":[{"href":"https:\/\/www.egemtv.com\/index.php?rest_route=\/wp\/v2\/posts\/90168","targetHints":{"allow":["GET"]}}],"collection":[{"href":"https:\/\/www.egemtv.com\/index.php?rest_route=\/wp\/v2\/posts"}],"about":[{"href":"https:\/\/www.egemtv.com\/index.php?rest_route=\/wp\/v2\/types\/post"}],"author":[{"embeddable":true,"href":"https:\/\/www.egemtv.com\/index.php?rest_route=\/wp\/v2\/users\/1"}],"replies":[{"embeddable":true,"href":"https:\/\/www.egemtv.com\/index.php?rest_route=%2Fwp%2Fv2%2Fcomments&post=90168"}],"version-history":[{"count":1,"href":"https:\/\/www.egemtv.com\/index.php?rest_route=\/wp\/v2\/posts\/90168\/revisions"}],"predecessor-version":[{"id":90170,"href":"https:\/\/www.egemtv.com\/index.php?rest_route=\/wp\/v2\/posts\/90168\/revisions\/90170"}],"wp:featuredmedia":[{"embeddable":true,"href":"https:\/\/www.egemtv.com\/index.php?rest_route=\/wp\/v2\/media\/90169"}],"wp:attachment":[{"href":"https:\/\/www.egemtv.com\/index.php?rest_route=%2Fwp%2Fv2%2Fmedia&parent=90168"}],"wp:term":[{"taxonomy":"category","embeddable":true,"href":"https:\/\/www.egemtv.com\/index.php?rest_route=%2Fwp%2Fv2%2Fcategories&post=90168"},{"taxonomy":"post_tag","embeddable":true,"href":"https:\/\/www.egemtv.com\/index.php?rest_route=%2Fwp%2Fv2%2Ftags&post=90168"}],"curies":[{"name":"wp","href":"https:\/\/api.w.org\/{rel}","templated":true}]}}