{"id":90165,"date":"2026-02-24T21:36:13","date_gmt":"2026-02-24T18:36:13","guid":{"rendered":"https:\/\/www.egemtv.com\/?p=90165"},"modified":"2026-02-24T21:36:14","modified_gmt":"2026-02-24T18:36:14","slug":"bayindirda-minik-eller-ramazan-pidesi-yapti","status":"publish","type":"post","link":"https:\/\/www.egemtv.com\/?p=90165","title":{"rendered":"Bay\u0131nd\u0131r\u2019da minik eller \u2019ramazan pidesi\u2019 yapt\u0131"},"content":{"rendered":"<p>\u0130zmir\u2019in Bay\u0131nd\u0131r il\u00e7esinde M\u00fczekke Susamc\u0131o\u011flu Anaokulu \u00f6\u011frencileri, Ramazan ay\u0131 dolay\u0131s\u0131yla d\u00fczenlenen etkinlikte kendi ramazan pidelerini yapman\u0131n heyecan\u0131n\u0131 ya\u015fad\u0131.<br \/>\n<br \/>\u00d6\u011fretmenler e\u015fli\u011finde ger\u00e7ekle\u015ftirilen etkinlikte minik \u00f6\u011frenciler, Ramazan ay\u0131n\u0131n geleneksel lezzetlerinden olan pidenin yap\u0131m a\u015famalar\u0131n\u0131 uygulamal\u0131 olarak \u00f6\u011frendi. Hamur yo\u011furma, \u015fekil verme ve \u00fczerine susam serpmek gibi a\u015famalara kat\u0131lan \u00f6\u011frenciler hem e\u011flendi hem de keyifli vakit ge\u00e7irdi. Etkinlik kapsam\u0131nda \u00e7ocuklara Ramazan ay\u0131n\u0131n payla\u015fma ve dayan\u0131\u015fma ay\u0131 oldu\u011fu anlat\u0131l\u0131rken, geleneksel de\u011ferlerin k\u00fc\u00e7\u00fck ya\u015fta benimsetilmesinin \u00f6nemine dikkat \u00e7ekildi. \u00d6\u011frencilerin b\u00fcy\u00fck bir heyecanla haz\u0131rlad\u0131\u011f\u0131 pideler, pi\u015firme a\u015famas\u0131n\u0131n ard\u0131ndan afiyetle t\u00fcketildi.<br \/>\n<br \/>Okul M\u00fcd\u00fcr\u00fc A\u015fk\u0131n Cengiz, bu t\u00fcr etkinliklerle \u00e7ocuklar\u0131n hem k\u00fclt\u00fcrel de\u011ferleri tan\u0131d\u0131\u011f\u0131n\u0131 hem de el becerilerini geli\u015ftirdi\u011fini belirterek, benzer faaliyetlerin y\u0131l boyunca devam edece\u011fini ifade etti.<br \/><\/p>\n","protected":false},"excerpt":{"rendered":"<p>\u0130zmir\u2019in Bay\u0131nd\u0131r il\u00e7esinde M\u00fczekke Susamc\u0131o\u011flu Anaokulu \u00f6\u011frencileri, Ramazan ay\u0131 dolay\u0131s\u0131yla d\u00fczenlenen etkinlikte kendi ramazan pidelerini yapman\u0131n heyecan\u0131n\u0131 ya\u015fad\u0131. \u00d6\u011fretmenler e\u015fli\u011finde ger\u00e7ekle\u015ftirilen etkinlikte minik \u00f6\u011frenciler, Ramazan ay\u0131n\u0131n geleneksel lezzetlerinden olan pidenin yap\u0131m a\u015famalar\u0131n\u0131 uygulamal\u0131 olarak \u00f6\u011frendi. Hamur yo\u011furma, \u015fekil verme ve \u00fczerine susam serpmek gibi a\u015famalara kat\u0131lan \u00f6\u011frenciler hem e\u011flendi hem de keyifli vakit ge\u00e7irdi. Etkinlik&#8230;<\/p>\n","protected":false},"author":1,"featured_media":90166,"comment_status":"open","ping_status":"open","sticky":false,"template":"","format":"standard","meta":{"_crdt_document":"","footnotes":""},"categories":[1],"tags":[],"class_list":["post-90165","post","type-post","status-publish","format-standard","has-post-thumbnail","hentry","category-guncel"],"_links":{"self":[{"href":"https:\/\/www.egemtv.com\/index.php?rest_route=\/wp\/v2\/posts\/90165","targetHints":{"allow":["GET"]}}],"collection":[{"href":"https:\/\/www.egemtv.com\/index.php?rest_route=\/wp\/v2\/posts"}],"about":[{"href":"https:\/\/www.egemtv.com\/index.php?rest_route=\/wp\/v2\/types\/post"}],"author":[{"embeddable":true,"href":"https:\/\/www.egemtv.com\/index.php?rest_route=\/wp\/v2\/users\/1"}],"replies":[{"embeddable":true,"href":"https:\/\/www.egemtv.com\/index.php?rest_route=%2Fwp%2Fv2%2Fcomments&post=90165"}],"version-history":[{"count":1,"href":"https:\/\/www.egemtv.com\/index.php?rest_route=\/wp\/v2\/posts\/90165\/revisions"}],"predecessor-version":[{"id":90167,"href":"https:\/\/www.egemtv.com\/index.php?rest_route=\/wp\/v2\/posts\/90165\/revisions\/90167"}],"wp:featuredmedia":[{"embeddable":true,"href":"https:\/\/www.egemtv.com\/index.php?rest_route=\/wp\/v2\/media\/90166"}],"wp:attachment":[{"href":"https:\/\/www.egemtv.com\/index.php?rest_route=%2Fwp%2Fv2%2Fmedia&parent=90165"}],"wp:term":[{"taxonomy":"category","embeddable":true,"href":"https:\/\/www.egemtv.com\/index.php?rest_route=%2Fwp%2Fv2%2Fcategories&post=90165"},{"taxonomy":"post_tag","embeddable":true,"href":"https:\/\/www.egemtv.com\/index.php?rest_route=%2Fwp%2Fv2%2Ftags&post=90165"}],"curies":[{"name":"wp","href":"https:\/\/api.w.org\/{rel}","templated":true}]}}