{"id":90162,"date":"2026-02-24T21:36:12","date_gmt":"2026-02-24T18:36:12","guid":{"rendered":"https:\/\/www.egemtv.com\/?p=90162"},"modified":"2026-02-24T21:36:13","modified_gmt":"2026-02-24T18:36:13","slug":"izmirde-ornek-proje-yukumluler-her-gun-2-bin-kisiye-iftar-hazirliyor","status":"publish","type":"post","link":"https:\/\/www.egemtv.com\/?p=90162","title":{"rendered":"\u0130zmir\u2019de \u00f6rnek proje: Y\u00fck\u00fcml\u00fcler her g\u00fcn 2 bin ki\u015fiye iftar haz\u0131rl\u0131yor"},"content":{"rendered":"<p>\u0130zmir\u2019de hayata ge\u00e7irilen T\u00fcrkiye\u2019ye \u00f6rnek proje ile denetimli serbestlik y\u00fck\u00fcml\u00fcleri hem meslek sahibi oluyor hem de her g\u00fcn binlerce ihtiya\u00e7 sahibi i\u00e7in s\u0131cak yemek haz\u0131rl\u0131yor. Ba\u015fsavc\u0131 Ali Yeldan projenin \u00f6nemine dikkat \u00e7ekerek, &#8220;Burada hem kamu hizmetinin do\u011fru \u015fekilde yerine getirilmesi hem de burada \u00e7al\u0131\u015fan y\u00fck\u00fcml\u00fclerin meslek sahibi olmas\u0131 hedefleniyor&#8221; dedi.<br \/>\n<br \/>\u0130zmir Cumhuriyet Ba\u015fsavc\u0131l\u0131\u011f\u0131 Denetimli Serbestlik M\u00fcd\u00fcrl\u00fc\u011f\u00fc ve T\u00fcrk K\u0131z\u0131lay\u0131 \u0130zmir \u0130l Merkezi i\u015f birli\u011finde y\u00fcr\u00fct\u00fclen \u00e7al\u0131\u015fma ile y\u00fck\u00fcml\u00fcler, kamu hizmeti y\u00fck\u00fcml\u00fcl\u00fcklerini yerine getirirken a\u015f\u00e7\u0131l\u0131k e\u011fitimi al\u0131yor. \u0130zmir Cumhuriyet Ba\u015fsavc\u0131s\u0131 Ali Yeldan ve T\u00fcrk K\u0131z\u0131lay\u0131 \u0130zmir \u0130l Ba\u015fkan\u0131 Kerem Fahri Baykalm\u0131\u015f\u2019\u0131n koordinesinde hayata ge\u00e7irilen proje kapsam\u0131nda, Buca Halk E\u011fitim Merkezi usta \u00f6\u011freticileri ve K\u0131z\u0131lay uzmanlar\u0131 e\u015fli\u011finde mutfa\u011fa giren y\u00fck\u00fcml\u00fcler, her g\u00fcn 2 bin ki\u015filik yemek \u00fcretimine katk\u0131 sa\u011fl\u0131yor.<\/p>\n<p>Ramazan boyunca her g\u00fcn iftar \u00e7ad\u0131r\u0131<br \/>\n<br \/>Meslek \u00f6\u011frenimi alan denetimli serbestlik y\u00fck\u00fcml\u00fcleri ile K\u0131z\u0131lay yetkililerinin haz\u0131rlad\u0131\u011f\u0131 yemekler, Ramazan boyunca Denetimli Serbestlik M\u00fcd\u00fcrl\u00fc\u011f\u00fcn\u00fcn bah\u00e7esinde kurulan iftar \u00e7ad\u0131r\u0131nda vatanda\u015flarla bulu\u015fturulurken, \u0130zmir Cumhuriyet Ba\u015fsavc\u0131s\u0131 Ali Yeldan da \u00e7ad\u0131r\u0131n konuklar\u0131 aras\u0131nda yer ald\u0131. Ba\u015fsavc\u0131 Yeldan, vatanda\u015flarla selamla\u015ft\u0131; \u00e7ocuklara oyuncak da\u011f\u0131tt\u0131. \u00d6zellikle \u00e7ocuklar ve gen\u00e7ler ile yak\u0131ndan ilgilenen Yeldan, iftar\u0131n\u0131 da bina i\u00e7erisinde bulunan Gen\u00e7lik Merkezinde, gen\u00e7lerle birlikte a\u00e7t\u0131.<\/p>\n<p>Ba\u015fsavc\u0131 Yeldan: &#8220;\u00d6rnek uygulama&#8221;<br \/>\n<br \/>Y\u00fcr\u00fct\u00fclen projeye dair a\u00e7\u0131klamalarda bulunan \u0130zmir Cumhuriyet Ba\u015fsavc\u0131s\u0131 Ali Yeldan, \u00e7al\u0131\u015fman\u0131n hem kamu kaynaklar\u0131n\u0131n verimli kullan\u0131lmas\u0131 hem de sosyal hizmet noktas\u0131nda \u00f6rnek oldu\u011funu vurgulad\u0131. Ba\u015fsavc\u0131 Yeldan, &#8220;Bug\u00fcn burada \u0130zmir Cumhuriyet Ba\u015fsavc\u0131l\u0131\u011f\u0131 Denetimli Serbestlik M\u00fcd\u00fcrl\u00fc\u011f\u00fc b\u00fcnyesinde kamu hizmetini yerine getiren y\u00fck\u00fcml\u00fcler, T\u00fcrk K\u0131z\u0131lay\u0131 ile birlikte bu mutfa\u011f\u0131 kullanarak her g\u00fcn 2 bin vatanda\u015f\u0131m\u0131za yemek ikram\u0131 haz\u0131rl\u0131yorlar. Bu yemekler s\u0131cak olarak muhtelif il\u00e7elere g\u00f6nderiliyor ve ihtiya\u00e7 sahiplerine sunuluyor. Burada hem kamu hizmetinin do\u011fru \u015fekilde yerine getirilmesi hem burada \u00e7al\u0131\u015fan y\u00fck\u00fcml\u00fclerin i\u015f ve meslek sahibi olmas\u0131, sertifika sahibi olmas\u0131 ayn\u0131 zamanda hay\u0131rseverlerimizin de deste\u011fiyle K\u0131z\u0131lay\u0131m\u0131z\u0131n i\u015f birli\u011fiyle burada haz\u0131rlanan yemekler Ramazan boyunca ve y\u0131l boyunca ihtiya\u00e7 sahiplerine sunulacak&#8221; dedi.<\/p>\n<p>&#8220;Yayg\u0131nla\u015farak devam etmesini diliyoruz&#8221;<br \/>\n<br \/>Projenin \u0130zmir\u2019de bir ilk oldu\u011funu belirten Yeldan, &#8220;Bu \u00f6rnek proje ayn\u0131 zamanda ilimizde bir ilk uygulama. K\u0131z\u0131lay\u0131m\u0131z\u0131n bir\u00e7ok yerde faaliyetleri var ama Denetimli Serbestlik kapsam\u0131nda ilimizde yapt\u0131\u011f\u0131m\u0131z ilk ve \u00f6rnek bir uygulama. Yayg\u0131nla\u015farak devam etmesini diliyoruz. O noktada biz de \u00e7al\u0131\u015fmalar\u0131m\u0131z\u0131 devam ettirece\u011fiz. Hem T\u00fcrk K\u0131z\u0131lay\u0131\u2019na hem Denetimli Serbestlik M\u00fcd\u00fcrl\u00fc\u011f\u00fcm\u00fcz\u00fcn \u00e7al\u0131\u015fanlar\u0131na hem de kamu hizmetini yerine getiren arkada\u015flar\u0131m\u0131za te\u015fekk\u00fcr ediyorum&#8221; ifadelerini kulland\u0131.<\/p>\n<p>Hem meslek ediniyorlar hem de sofralara umut oluyorlar<br \/>\n<br \/>Program \u00e7er\u00e7evesinde \u0130zmir Denetimli Serbestlik M\u00fcd\u00fcrl\u00fc\u011f\u00fc b\u00fcnyesindeki mutfakta pratik ve teorik e\u011fitim alan y\u00fck\u00fcml\u00fcler, a\u015f\u00e7\u0131 yard\u0131mc\u0131l\u0131\u011f\u0131 alan\u0131nda uzmanla\u015f\u0131yor. E\u011fitimler sonucunda sertifika alacak olan y\u00fck\u00fcml\u00fclerin, ilgili sekt\u00f6rlerde istihdama y\u00f6nlendirilmesi hedefleniyor. 2026 y\u0131l\u0131 Ramazan ay\u0131 boyunca her g\u00fcn haz\u0131rlanan 3 \u00e7e\u015fit s\u0131cak yemek, kentin muhtelif noktalar\u0131ndaki ihtiya\u00e7 sahiplerine ula\u015ft\u0131r\u0131l\u0131yor. Ayr\u0131ca Denetimli Serbestlik M\u00fcd\u00fcrl\u00fc\u011f\u00fc bah\u00e7esinde kurulan 140 ki\u015filik iftar \u00e7ad\u0131r\u0131 ve 80 ki\u015filik salonda g\u00fcnl\u00fck yakla\u015f\u0131k 250 vatanda\u015fa iftar hizmeti sunuluyor. Halihaz\u0131rda y\u00fcr\u00fct\u00fclen programda; T\u00fcrk K\u0131z\u0131lay\u0131\u2019ndan 1 a\u015f\u00e7\u0131, 1 a\u015f\u00e7\u0131 yard\u0131mc\u0131s\u0131 ve 4 g\u00f6n\u00fcll\u00fc, Buca Halk E\u011fitim Merkezi\u2019nden 1 usta \u00f6\u011fretici, Denetimli Serbestlik M\u00fcd\u00fcrl\u00fc\u011f\u00fc\u2019nden 6 personel ve 9 y\u00fck\u00fcml\u00fc aktif olarak g\u00f6rev al\u0131yor.<br \/><\/p>\n","protected":false},"excerpt":{"rendered":"<p>\u0130zmir\u2019de hayata ge\u00e7irilen T\u00fcrkiye\u2019ye \u00f6rnek proje ile denetimli serbestlik y\u00fck\u00fcml\u00fcleri hem meslek sahibi oluyor hem de her g\u00fcn binlerce ihtiya\u00e7 sahibi i\u00e7in s\u0131cak yemek haz\u0131rl\u0131yor. Ba\u015fsavc\u0131 Ali Yeldan projenin \u00f6nemine dikkat \u00e7ekerek, &#8220;Burada hem kamu hizmetinin do\u011fru \u015fekilde yerine getirilmesi hem de burada \u00e7al\u0131\u015fan y\u00fck\u00fcml\u00fclerin meslek sahibi olmas\u0131 hedefleniyor&#8221; dedi. \u0130zmir Cumhuriyet Ba\u015fsavc\u0131l\u0131\u011f\u0131 Denetimli Serbestlik&#8230;<\/p>\n","protected":false},"author":1,"featured_media":90163,"comment_status":"open","ping_status":"open","sticky":false,"template":"","format":"standard","meta":{"_crdt_document":"","footnotes":""},"categories":[1],"tags":[],"class_list":["post-90162","post","type-post","status-publish","format-standard","has-post-thumbnail","hentry","category-guncel"],"_links":{"self":[{"href":"https:\/\/www.egemtv.com\/index.php?rest_route=\/wp\/v2\/posts\/90162","targetHints":{"allow":["GET"]}}],"collection":[{"href":"https:\/\/www.egemtv.com\/index.php?rest_route=\/wp\/v2\/posts"}],"about":[{"href":"https:\/\/www.egemtv.com\/index.php?rest_route=\/wp\/v2\/types\/post"}],"author":[{"embeddable":true,"href":"https:\/\/www.egemtv.com\/index.php?rest_route=\/wp\/v2\/users\/1"}],"replies":[{"embeddable":true,"href":"https:\/\/www.egemtv.com\/index.php?rest_route=%2Fwp%2Fv2%2Fcomments&post=90162"}],"version-history":[{"count":1,"href":"https:\/\/www.egemtv.com\/index.php?rest_route=\/wp\/v2\/posts\/90162\/revisions"}],"predecessor-version":[{"id":90164,"href":"https:\/\/www.egemtv.com\/index.php?rest_route=\/wp\/v2\/posts\/90162\/revisions\/90164"}],"wp:featuredmedia":[{"embeddable":true,"href":"https:\/\/www.egemtv.com\/index.php?rest_route=\/wp\/v2\/media\/90163"}],"wp:attachment":[{"href":"https:\/\/www.egemtv.com\/index.php?rest_route=%2Fwp%2Fv2%2Fmedia&parent=90162"}],"wp:term":[{"taxonomy":"category","embeddable":true,"href":"https:\/\/www.egemtv.com\/index.php?rest_route=%2Fwp%2Fv2%2Fcategories&post=90162"},{"taxonomy":"post_tag","embeddable":true,"href":"https:\/\/www.egemtv.com\/index.php?rest_route=%2Fwp%2Fv2%2Ftags&post=90162"}],"curies":[{"name":"wp","href":"https:\/\/api.w.org\/{rel}","templated":true}]}}