{"id":90159,"date":"2026-02-24T21:36:10","date_gmt":"2026-02-24T18:36:10","guid":{"rendered":"https:\/\/www.egemtv.com\/?p=90159"},"modified":"2026-02-24T21:36:12","modified_gmt":"2026-02-24T18:36:12","slug":"sarigolde-liseliler-ayni-sofrada-bulustu","status":"publish","type":"post","link":"https:\/\/www.egemtv.com\/?p=90159","title":{"rendered":"Sar\u0131g\u00f6l\u2019de liseliler ayn\u0131 sofrada bulu\u015ftu"},"content":{"rendered":"<p>Manisa\u2019n\u0131n Sar\u0131g\u00f6l il\u00e7esinde Hayriye Ert\u00fcrk Anadolu Lisesi\u2019nde d\u00fczenlenen iftar program\u0131nda 150 \u00f6\u011frenci ayn\u0131 sofrada bulu\u015ftu. Okul y\u00f6netimi taraf\u0131ndan organize edilen programda Ramazan ay\u0131n\u0131n manevi atmosferi \u00f6\u011frencilerle birlikte payla\u015f\u0131ld\u0131.<br \/>\n<br \/>Sar\u0131g\u00f6l Hayriye Ert\u00fcrk Anadolu Lisesi\u2019nde pansiyonda kalan \u00f6\u011frenciler ile il\u00e7e merkezinden gelen 9. s\u0131n\u0131f \u00f6\u011frencilerinin kat\u0131l\u0131m\u0131yla iftar program\u0131 d\u00fczenlendi. Toplam 150 \u00f6\u011frencinin yer ald\u0131\u011f\u0131 programda birlik, beraberlik ve dayan\u0131\u015fma duygular\u0131 \u00f6n plana \u00e7\u0131kt\u0131.<br \/>\n<br \/>Okul M\u00fcd\u00fcr\u00fc H\u00fcseyin Akcal\u0131, iftar program\u0131nda yapt\u0131\u011f\u0131 a\u00e7\u0131klamada Ramazan ay\u0131n\u0131n payla\u015fma ve karde\u015flik ay\u0131 oldu\u011funa dikkat \u00e7ekerek, &#8220;Ayn\u0131 sofrada gen\u00e7 y\u00fcreklerle Ramazan\u2019\u0131n bereketini ve karde\u015fli\u011fin s\u0131cakl\u0131\u011f\u0131n\u0131 payla\u015ft\u0131k. \u0130ftar\u0131n huzuru, \u00f6\u011frencilerimizin enerjisiyle birle\u015fince sofram\u0131z ger\u00e7ek bir g\u00f6n\u00fcl k\u00f6pr\u00fcs\u00fc oldu.&#8221; dedi.<br \/>\n<br \/>\u00d6n\u00fcm\u00fczdeki g\u00fcnlerde di\u011fer s\u0131n\u0131flar i\u00e7in de iftar programlar\u0131 d\u00fczenlenmesinin planland\u0131\u011f\u0131 \u00f6\u011frenildi.<br \/>\n<br \/>\u0130ftar yeme\u011finin ard\u0131ndan \u00f6\u011frenciler, organizasyondan dolay\u0131 okul idaresine te\u015fekk\u00fcr etti.<br \/><\/p>\n","protected":false},"excerpt":{"rendered":"<p>Manisa\u2019n\u0131n Sar\u0131g\u00f6l il\u00e7esinde Hayriye Ert\u00fcrk Anadolu Lisesi\u2019nde d\u00fczenlenen iftar program\u0131nda 150 \u00f6\u011frenci ayn\u0131 sofrada bulu\u015ftu. Okul y\u00f6netimi taraf\u0131ndan organize edilen programda Ramazan ay\u0131n\u0131n manevi atmosferi \u00f6\u011frencilerle birlikte payla\u015f\u0131ld\u0131. Sar\u0131g\u00f6l Hayriye Ert\u00fcrk Anadolu Lisesi\u2019nde pansiyonda kalan \u00f6\u011frenciler ile il\u00e7e merkezinden gelen 9. s\u0131n\u0131f \u00f6\u011frencilerinin kat\u0131l\u0131m\u0131yla iftar program\u0131 d\u00fczenlendi. Toplam 150 \u00f6\u011frencinin yer ald\u0131\u011f\u0131 programda birlik, beraberlik&#8230;<\/p>\n","protected":false},"author":1,"featured_media":90160,"comment_status":"open","ping_status":"open","sticky":false,"template":"","format":"standard","meta":{"_crdt_document":"","footnotes":""},"categories":[1],"tags":[],"class_list":["post-90159","post","type-post","status-publish","format-standard","has-post-thumbnail","hentry","category-guncel"],"_links":{"self":[{"href":"https:\/\/www.egemtv.com\/index.php?rest_route=\/wp\/v2\/posts\/90159","targetHints":{"allow":["GET"]}}],"collection":[{"href":"https:\/\/www.egemtv.com\/index.php?rest_route=\/wp\/v2\/posts"}],"about":[{"href":"https:\/\/www.egemtv.com\/index.php?rest_route=\/wp\/v2\/types\/post"}],"author":[{"embeddable":true,"href":"https:\/\/www.egemtv.com\/index.php?rest_route=\/wp\/v2\/users\/1"}],"replies":[{"embeddable":true,"href":"https:\/\/www.egemtv.com\/index.php?rest_route=%2Fwp%2Fv2%2Fcomments&post=90159"}],"version-history":[{"count":1,"href":"https:\/\/www.egemtv.com\/index.php?rest_route=\/wp\/v2\/posts\/90159\/revisions"}],"predecessor-version":[{"id":90161,"href":"https:\/\/www.egemtv.com\/index.php?rest_route=\/wp\/v2\/posts\/90159\/revisions\/90161"}],"wp:featuredmedia":[{"embeddable":true,"href":"https:\/\/www.egemtv.com\/index.php?rest_route=\/wp\/v2\/media\/90160"}],"wp:attachment":[{"href":"https:\/\/www.egemtv.com\/index.php?rest_route=%2Fwp%2Fv2%2Fmedia&parent=90159"}],"wp:term":[{"taxonomy":"category","embeddable":true,"href":"https:\/\/www.egemtv.com\/index.php?rest_route=%2Fwp%2Fv2%2Fcategories&post=90159"},{"taxonomy":"post_tag","embeddable":true,"href":"https:\/\/www.egemtv.com\/index.php?rest_route=%2Fwp%2Fv2%2Ftags&post=90159"}],"curies":[{"name":"wp","href":"https:\/\/api.w.org\/{rel}","templated":true}]}}