{"id":90156,"date":"2026-02-24T20:34:52","date_gmt":"2026-02-24T17:34:52","guid":{"rendered":"https:\/\/www.egemtv.com\/?p=90156"},"modified":"2026-02-24T20:34:53","modified_gmt":"2026-02-24T17:34:53","slug":"marmariste-otomobil-yayaya-carpti-surucu-gozaltina-alindi","status":"publish","type":"post","link":"https:\/\/www.egemtv.com\/?p=90156","title":{"rendered":"Marmaris\u2019te otomobil yayaya \u00e7arpt\u0131, s\u00fcr\u00fcc\u00fc g\u00f6zalt\u0131na al\u0131nd\u0131"},"content":{"rendered":"<p>Mu\u011fla\u2019n\u0131n Marmaris il\u00e7esinde meydana gelen trafik kazas\u0131nda bir ara\u00e7 yayaya \u00e7arpt\u0131. Kazada a\u011f\u0131r yaralanan ki\u015finin hayati tehlikesinin devam etti\u011fi \u00f6\u011frenildi.<br \/>\n<br \/>Olay, 24 \u015eubat 2026 tarihinde saat 16.15 s\u0131ralar\u0131nda Hatipirimi Mahallesi Hasan I\u015f\u0131k Caddesi\u2019nde, meydana geldi. Edinilen bilgiye g\u00f6re, B.O. idaresindeki ara\u00e7, hen\u00fcz bilinmeyen bir nedenle yayaya \u00e7arpt\u0131. \u0130hbar \u00fczerine olay yerine polis ve sa\u011fl\u0131k ekipleri sevk edildi. Sa\u011fl\u0131k ekiplerinin ilk m\u00fcdahalesinin ard\u0131ndan hastaneye kald\u0131r\u0131lan yaral\u0131n\u0131n hayati tehlikesinin s\u00fcrd\u00fc\u011f\u00fc bildirildi. Ara\u00e7 s\u00fcr\u00fcc\u00fcs\u00fc B.O., polis taraf\u0131ndan g\u00f6zalt\u0131na al\u0131nd\u0131. \u015e\u00fcphelinin emniyetteki i\u015flemlerinin ard\u0131ndan adliyeye sevk edilece\u011fi bilgisi edinildi.<br \/>\n<br \/>Kazayla ilgili soru\u015fturma s\u00fcr\u00fcyor.<br \/><\/p>\n","protected":false},"excerpt":{"rendered":"<p>Mu\u011fla\u2019n\u0131n Marmaris il\u00e7esinde meydana gelen trafik kazas\u0131nda bir ara\u00e7 yayaya \u00e7arpt\u0131. Kazada a\u011f\u0131r yaralanan ki\u015finin hayati tehlikesinin devam etti\u011fi \u00f6\u011frenildi. Olay, 24 \u015eubat 2026 tarihinde saat 16.15 s\u0131ralar\u0131nda Hatipirimi Mahallesi Hasan I\u015f\u0131k Caddesi\u2019nde, meydana geldi. Edinilen bilgiye g\u00f6re, B.O. idaresindeki ara\u00e7, hen\u00fcz bilinmeyen bir nedenle yayaya \u00e7arpt\u0131. \u0130hbar \u00fczerine olay yerine polis ve sa\u011fl\u0131k ekipleri&#8230;<\/p>\n","protected":false},"author":1,"featured_media":90157,"comment_status":"open","ping_status":"open","sticky":false,"template":"","format":"standard","meta":{"_crdt_document":"","footnotes":""},"categories":[5],"tags":[],"class_list":["post-90156","post","type-post","status-publish","format-standard","has-post-thumbnail","hentry","category-asayis"],"_links":{"self":[{"href":"https:\/\/www.egemtv.com\/index.php?rest_route=\/wp\/v2\/posts\/90156","targetHints":{"allow":["GET"]}}],"collection":[{"href":"https:\/\/www.egemtv.com\/index.php?rest_route=\/wp\/v2\/posts"}],"about":[{"href":"https:\/\/www.egemtv.com\/index.php?rest_route=\/wp\/v2\/types\/post"}],"author":[{"embeddable":true,"href":"https:\/\/www.egemtv.com\/index.php?rest_route=\/wp\/v2\/users\/1"}],"replies":[{"embeddable":true,"href":"https:\/\/www.egemtv.com\/index.php?rest_route=%2Fwp%2Fv2%2Fcomments&post=90156"}],"version-history":[{"count":1,"href":"https:\/\/www.egemtv.com\/index.php?rest_route=\/wp\/v2\/posts\/90156\/revisions"}],"predecessor-version":[{"id":90158,"href":"https:\/\/www.egemtv.com\/index.php?rest_route=\/wp\/v2\/posts\/90156\/revisions\/90158"}],"wp:featuredmedia":[{"embeddable":true,"href":"https:\/\/www.egemtv.com\/index.php?rest_route=\/wp\/v2\/media\/90157"}],"wp:attachment":[{"href":"https:\/\/www.egemtv.com\/index.php?rest_route=%2Fwp%2Fv2%2Fmedia&parent=90156"}],"wp:term":[{"taxonomy":"category","embeddable":true,"href":"https:\/\/www.egemtv.com\/index.php?rest_route=%2Fwp%2Fv2%2Fcategories&post=90156"},{"taxonomy":"post_tag","embeddable":true,"href":"https:\/\/www.egemtv.com\/index.php?rest_route=%2Fwp%2Fv2%2Ftags&post=90156"}],"curies":[{"name":"wp","href":"https:\/\/api.w.org\/{rel}","templated":true}]}}