{"id":90153,"date":"2026-02-24T20:14:39","date_gmt":"2026-02-24T17:14:39","guid":{"rendered":"https:\/\/www.egemtv.com\/?p=90153"},"modified":"2026-02-24T20:14:39","modified_gmt":"2026-02-24T17:14:39","slug":"milasta-tir-sarampole-devrildi-1-yarali","status":"publish","type":"post","link":"https:\/\/www.egemtv.com\/?p=90153","title":{"rendered":"Milas\u2019ta t\u0131r \u015farampole devrildi: 1 yaral\u0131"},"content":{"rendered":"<p>Mu\u011fla\u2019n\u0131n Milas il\u00e7esinde meydana gelen trafik kazas\u0131nda kontrolden \u00e7\u0131kan bir t\u0131r\u0131n yoldan \u00e7\u0131karak ormanl\u0131k alana devrilmesi sonucu s\u00fcr\u00fcc\u00fc yaraland\u0131. Olay yerine sevk edilen ekiplerin h\u0131zl\u0131 m\u00fcdahalesi sayesinde ara\u00e7ta s\u0131k\u0131\u015fan s\u00fcr\u00fcc\u00fc kurtar\u0131larak hastaneye kald\u0131r\u0131ld\u0131.<\/p>\n<p>Kaza, \u00c7aml\u0131belen mevkiinde meydana geldi. Edinilen bilgiye g\u00f6re, 112 Acil \u00c7a\u011fr\u0131 Merkezi\u2019ne yap\u0131lan ihbarda, seyir halindeki bir t\u0131r\u0131n hen\u00fcz bilinmeyen bir nedenle kontrolden \u00e7\u0131karak yol kenar\u0131ndaki ormanl\u0131k alana devrildi\u011fi bildirildi. \u0130hbar \u00fczerine b\u00f6lgeye \u00e7ok say\u0131da ekip y\u00f6nlendirildi. K\u0131sa s\u00fcrede olay yerine ula\u015fan UMKE, Mu\u011fla B\u00fcy\u00fck\u015fehir Belediyesi \u0130tfaiye ekipleri ve jandarma ekipleri, kazaya m\u00fcdahale etti.<\/p>\n<p>Ara\u00e7ta s\u0131k\u0131\u015ft\u0131\u011f\u0131 belirlenen s\u00fcr\u00fcc\u00fcye ilk m\u00fcdahale olay yerinde yap\u0131ld\u0131. UMKE ekiplerinin koordineli \u00e7al\u0131\u015fmas\u0131 ve itfaiyenin teknik deste\u011fiyle s\u00fcr\u00fcc\u00fc bulundu\u011fu yerden dikkatli bir \u015fekilde \u00e7\u0131kar\u0131ld\u0131. Yaral\u0131 s\u00fcr\u00fcc\u00fc, sa\u011fl\u0131k ekiplerinin ilk de\u011ferlendirmesinin ard\u0131ndan ambulansla en yak\u0131n hastaneye sevk edilerek tedavi alt\u0131na al\u0131nd\u0131.<\/p>\n<p>Kazayla ilgili soru\u015fturma s\u00fcr\u00fcyor.<br \/><\/p>\n","protected":false},"excerpt":{"rendered":"<p>Mu\u011fla\u2019n\u0131n Milas il\u00e7esinde meydana gelen trafik kazas\u0131nda kontrolden \u00e7\u0131kan bir t\u0131r\u0131n yoldan \u00e7\u0131karak ormanl\u0131k alana devrilmesi sonucu s\u00fcr\u00fcc\u00fc yaraland\u0131. Olay yerine sevk edilen ekiplerin h\u0131zl\u0131 m\u00fcdahalesi sayesinde ara\u00e7ta s\u0131k\u0131\u015fan s\u00fcr\u00fcc\u00fc kurtar\u0131larak hastaneye kald\u0131r\u0131ld\u0131. Kaza, \u00c7aml\u0131belen mevkiinde meydana geldi. Edinilen bilgiye g\u00f6re, 112 Acil \u00c7a\u011fr\u0131 Merkezi\u2019ne yap\u0131lan ihbarda, seyir halindeki bir t\u0131r\u0131n hen\u00fcz bilinmeyen bir nedenle&#8230;<\/p>\n","protected":false},"author":1,"featured_media":90154,"comment_status":"open","ping_status":"open","sticky":false,"template":"","format":"standard","meta":{"_crdt_document":"","footnotes":""},"categories":[5],"tags":[],"class_list":["post-90153","post","type-post","status-publish","format-standard","has-post-thumbnail","hentry","category-asayis"],"_links":{"self":[{"href":"https:\/\/www.egemtv.com\/index.php?rest_route=\/wp\/v2\/posts\/90153","targetHints":{"allow":["GET"]}}],"collection":[{"href":"https:\/\/www.egemtv.com\/index.php?rest_route=\/wp\/v2\/posts"}],"about":[{"href":"https:\/\/www.egemtv.com\/index.php?rest_route=\/wp\/v2\/types\/post"}],"author":[{"embeddable":true,"href":"https:\/\/www.egemtv.com\/index.php?rest_route=\/wp\/v2\/users\/1"}],"replies":[{"embeddable":true,"href":"https:\/\/www.egemtv.com\/index.php?rest_route=%2Fwp%2Fv2%2Fcomments&post=90153"}],"version-history":[{"count":1,"href":"https:\/\/www.egemtv.com\/index.php?rest_route=\/wp\/v2\/posts\/90153\/revisions"}],"predecessor-version":[{"id":90155,"href":"https:\/\/www.egemtv.com\/index.php?rest_route=\/wp\/v2\/posts\/90153\/revisions\/90155"}],"wp:featuredmedia":[{"embeddable":true,"href":"https:\/\/www.egemtv.com\/index.php?rest_route=\/wp\/v2\/media\/90154"}],"wp:attachment":[{"href":"https:\/\/www.egemtv.com\/index.php?rest_route=%2Fwp%2Fv2%2Fmedia&parent=90153"}],"wp:term":[{"taxonomy":"category","embeddable":true,"href":"https:\/\/www.egemtv.com\/index.php?rest_route=%2Fwp%2Fv2%2Fcategories&post=90153"},{"taxonomy":"post_tag","embeddable":true,"href":"https:\/\/www.egemtv.com\/index.php?rest_route=%2Fwp%2Fv2%2Ftags&post=90153"}],"curies":[{"name":"wp","href":"https:\/\/api.w.org\/{rel}","templated":true}]}}