{"id":90147,"date":"2026-02-24T20:14:36","date_gmt":"2026-02-24T17:14:36","guid":{"rendered":"https:\/\/www.egemtv.com\/?p=90147"},"modified":"2026-02-24T20:14:37","modified_gmt":"2026-02-24T17:14:37","slug":"izmirde-17-yildir-kayip-kadinin-cesedi-eski-enistesinin-bahcesinde-bulundu","status":"publish","type":"post","link":"https:\/\/www.egemtv.com\/?p=90147","title":{"rendered":"\u0130zmir\u2019de 17 y\u0131ld\u0131r kay\u0131p kad\u0131n\u0131n cesedi eski eni\u015ftesinin bah\u00e7esinde bulundu"},"content":{"rendered":"<p>Manisa\u2019da miras i\u015flemleri i\u00e7in yak\u0131nlar\u0131 taraf\u0131ndan kay\u0131p ba\u015fvurusu yap\u0131lan Ebru K.\u2019nin 17 y\u0131l \u00f6nce eni\u015ftesi taraf\u0131ndan \u00f6ld\u00fcr\u00fclerek bah\u00e7eye g\u00f6m\u00fcld\u00fc\u011f\u00fc ortaya \u00e7\u0131kt\u0131. Olayla ilgili maktul\u00fcn ablas\u0131 ve eski eni\u015ftesi g\u00f6zalt\u0131na al\u0131nd\u0131.<br \/>\n<br \/>Ebru K., 2009 y\u0131l\u0131nda kayboldu. Yak\u0131n zamanda babas\u0131n\u0131n hayat\u0131n\u0131 kaybetmesi \u00fczerine akrabalar\u0131, miras i\u015flemleri i\u00e7in jandarmaya kay\u0131p ba\u015fvurusunda bulundu. Ailenin Manisa\u2019n\u0131n \u015eehzadeler il\u00e7esi \u0130\u011fdecik Mahallesi\u2019ndeki ikameti nedeniyle soru\u015fturmay\u0131 Manisa \u0130l Jandarma Komutanl\u0131\u011f\u0131 ekipleri ba\u015flatt\u0131. Ekiplerin \u015f\u00fcphe \u00fczerine yapt\u0131\u011f\u0131 detayl\u0131 ara\u015ft\u0131rma sonucu gen\u00e7 kad\u0131n\u0131n cinayete kurban gitti\u011fi belirlendi. Ebru K.\u2019nin o d\u00f6nem ablas\u0131 Fatma K.\u2019nin dini nikahl\u0131 e\u015fi olan Ufuk K.\u2019nin yan\u0131nda \u00e7al\u0131\u015ft\u0131\u011f\u0131 \u00f6\u011frenildi. \u0130kili aras\u0131nda ya\u015fanan ili\u015fki sonucu Ebru K.\u2019nin hamile kald\u0131\u011f\u0131 \u00f6ne s\u00fcr\u00fcld\u00fc. \u0130kili aras\u0131nda \u00e7\u0131kan tart\u0131\u015fman\u0131n ard\u0131ndan \u015f\u00fcpheli, Ebru K.\u2019yi iple bo\u011farak \u00f6ld\u00fcrd\u00fc. Cinayet tespitinin ard\u0131ndan ekipler, Kemalpa\u015fa il\u00e7esi Armutlu 85. Y\u0131l Cumhuriyet Mahallesi\u2019nde kaz\u0131 \u00e7al\u0131\u015fmas\u0131 yapt\u0131. Olay tarihinde \u015f\u00fcpheli Ufuk K.\u2019ye ait olan bah\u00e7edeki kaz\u0131da maktule ait kafatas\u0131 ve insan kemikleri bulundu. \u00c7\u0131kar\u0131lan kemikler inceleme yap\u0131lmak \u00fczere adli t\u0131p kurumu morguna g\u00f6nderildi.<\/p>\n<p>Abla ve eni\u015fte g\u00f6zalt\u0131nda<br \/>\n<br \/>Olay\u0131n ard\u0131ndan \u015f\u00fcpheli Ufuk K. ekiplerce yakaland\u0131. Soru\u015fturma kapsam\u0131nda, olay sonras\u0131 Ufuk K.\u2019den ayr\u0131larak Kars\u2019a yerle\u015fti\u011fi tespit edilen abla Fatma K. de g\u00f6zalt\u0131na al\u0131nd\u0131.<br \/><\/p>\n","protected":false},"excerpt":{"rendered":"<p>Manisa\u2019da miras i\u015flemleri i\u00e7in yak\u0131nlar\u0131 taraf\u0131ndan kay\u0131p ba\u015fvurusu yap\u0131lan Ebru K.\u2019nin 17 y\u0131l \u00f6nce eni\u015ftesi taraf\u0131ndan \u00f6ld\u00fcr\u00fclerek bah\u00e7eye g\u00f6m\u00fcld\u00fc\u011f\u00fc ortaya \u00e7\u0131kt\u0131. Olayla ilgili maktul\u00fcn ablas\u0131 ve eski eni\u015ftesi g\u00f6zalt\u0131na al\u0131nd\u0131. Ebru K., 2009 y\u0131l\u0131nda kayboldu. Yak\u0131n zamanda babas\u0131n\u0131n hayat\u0131n\u0131 kaybetmesi \u00fczerine akrabalar\u0131, miras i\u015flemleri i\u00e7in jandarmaya kay\u0131p ba\u015fvurusunda bulundu. Ailenin Manisa\u2019n\u0131n \u015eehzadeler il\u00e7esi \u0130\u011fdecik Mahallesi\u2019ndeki&#8230;<\/p>\n","protected":false},"author":1,"featured_media":90148,"comment_status":"open","ping_status":"open","sticky":false,"template":"","format":"standard","meta":{"_crdt_document":"","footnotes":""},"categories":[5],"tags":[],"class_list":["post-90147","post","type-post","status-publish","format-standard","has-post-thumbnail","hentry","category-asayis"],"_links":{"self":[{"href":"https:\/\/www.egemtv.com\/index.php?rest_route=\/wp\/v2\/posts\/90147","targetHints":{"allow":["GET"]}}],"collection":[{"href":"https:\/\/www.egemtv.com\/index.php?rest_route=\/wp\/v2\/posts"}],"about":[{"href":"https:\/\/www.egemtv.com\/index.php?rest_route=\/wp\/v2\/types\/post"}],"author":[{"embeddable":true,"href":"https:\/\/www.egemtv.com\/index.php?rest_route=\/wp\/v2\/users\/1"}],"replies":[{"embeddable":true,"href":"https:\/\/www.egemtv.com\/index.php?rest_route=%2Fwp%2Fv2%2Fcomments&post=90147"}],"version-history":[{"count":1,"href":"https:\/\/www.egemtv.com\/index.php?rest_route=\/wp\/v2\/posts\/90147\/revisions"}],"predecessor-version":[{"id":90149,"href":"https:\/\/www.egemtv.com\/index.php?rest_route=\/wp\/v2\/posts\/90147\/revisions\/90149"}],"wp:featuredmedia":[{"embeddable":true,"href":"https:\/\/www.egemtv.com\/index.php?rest_route=\/wp\/v2\/media\/90148"}],"wp:attachment":[{"href":"https:\/\/www.egemtv.com\/index.php?rest_route=%2Fwp%2Fv2%2Fmedia&parent=90147"}],"wp:term":[{"taxonomy":"category","embeddable":true,"href":"https:\/\/www.egemtv.com\/index.php?rest_route=%2Fwp%2Fv2%2Fcategories&post=90147"},{"taxonomy":"post_tag","embeddable":true,"href":"https:\/\/www.egemtv.com\/index.php?rest_route=%2Fwp%2Fv2%2Ftags&post=90147"}],"curies":[{"name":"wp","href":"https:\/\/api.w.org\/{rel}","templated":true}]}}