{"id":90144,"date":"2026-02-24T18:54:51","date_gmt":"2026-02-24T15:54:51","guid":{"rendered":"https:\/\/www.egemtv.com\/?p=90144"},"modified":"2026-02-24T18:54:52","modified_gmt":"2026-02-24T15:54:52","slug":"tira-carpan-otomobil-hurdaya-dondu-surucu-sans-eseri-kurtuldu","status":"publish","type":"post","link":"https:\/\/www.egemtv.com\/?p=90144","title":{"rendered":"T\u0131ra \u00e7arpan otomobil hurdaya d\u00f6nd\u00fc: S\u00fcr\u00fcc\u00fc \u015fans eseri kurtuldu"},"content":{"rendered":"<p>Manisa\u2019n\u0131n Kula il\u00e7esinde t\u0131ra arkadan \u00e7arpan otomobilin hurdaya d\u00f6nd\u00fc\u011f\u00fc kazada, otomobil s\u00fcr\u00fcc\u00fcs\u00fc yaraland\u0131.<br \/>\n<br \/>Kaza saat, 15.45 s\u0131ralar\u0131nda \u0130zmir-Ankara D300 karayolu Kavac\u0131k Rampalar\u0131 yak\u0131nlar\u0131nda meydana geldi. Edinilen bilgiye g\u00f6re, \u0130zmir\u2019den U\u015fak istikametine gitmekte olan Adem K. (42) idaresindeki otomobil, s\u00fcr\u00fcc\u00fcs\u00fcn\u00fcn direksiyon hakimiyetini kaybetmesi sonucu ayn\u0131 y\u00f6nde seyir halindeki \u0130brahim Can M. (26) idaresindeki 06 EHD 781 plakal\u0131 t\u0131ra arkadan \u00e7arpt\u0131. \u00c7arp\u0131\u015fman\u0131n etkisiyle t\u0131ra tak\u0131lan otomobil yakla\u015f\u0131k 150 metre s\u00fcr\u00fcklenerek durabildi. Otomobil i\u00e7erisinde s\u0131k\u0131\u015fan s\u00fcr\u00fcc\u00fc, itfaiye ekiplerinin \u00e7al\u0131\u015fmas\u0131 sonucu kurtar\u0131ld\u0131. Kazay\u0131 g\u00f6ren vatanda\u015flar\u0131n 112 Acil \u00c7a\u011fr\u0131 Merkezi\u2019ne bildirmeleri \u00fczerine olay yerine itfaiye, ambulans, jandarma ve polis ekipleri sevk edildi. Yaral\u0131 otomobil s\u00fcr\u00fcc\u00fcs\u00fc olay yerinde yap\u0131lan ilk m\u00fcdahalesinin ard\u0131ndan Kula Devlet Hastanesi\u2019ne kald\u0131r\u0131ld\u0131. Yaral\u0131 s\u00fcr\u00fcc\u00fcn\u00fcn hayati tehlikesinin bulunmad\u0131\u011f\u0131 \u00f6\u011frenildi.<br \/>\n<br \/>\u00d6te yandan, kaza sebebiyle \u0130zmir-Ankara D300 karayolu U\u015fak istikametine trafik ak\u0131\u015f\u0131 bir s\u00fcre tek y\u00f6nden sa\u011fland\u0131.<br \/>\n<br \/>Kaza ile ilgili soru\u015fturma ba\u015flat\u0131ld\u0131.<br \/><\/p>\n","protected":false},"excerpt":{"rendered":"<p>Manisa\u2019n\u0131n Kula il\u00e7esinde t\u0131ra arkadan \u00e7arpan otomobilin hurdaya d\u00f6nd\u00fc\u011f\u00fc kazada, otomobil s\u00fcr\u00fcc\u00fcs\u00fc yaraland\u0131. Kaza saat, 15.45 s\u0131ralar\u0131nda \u0130zmir-Ankara D300 karayolu Kavac\u0131k Rampalar\u0131 yak\u0131nlar\u0131nda meydana geldi. Edinilen bilgiye g\u00f6re, \u0130zmir\u2019den U\u015fak istikametine gitmekte olan Adem K. (42) idaresindeki otomobil, s\u00fcr\u00fcc\u00fcs\u00fcn\u00fcn direksiyon hakimiyetini kaybetmesi sonucu ayn\u0131 y\u00f6nde seyir halindeki \u0130brahim Can M. (26) idaresindeki 06 EHD 781&#8230;<\/p>\n","protected":false},"author":1,"featured_media":90145,"comment_status":"open","ping_status":"open","sticky":false,"template":"","format":"standard","meta":{"_crdt_document":"","footnotes":""},"categories":[5],"tags":[],"class_list":["post-90144","post","type-post","status-publish","format-standard","has-post-thumbnail","hentry","category-asayis"],"_links":{"self":[{"href":"https:\/\/www.egemtv.com\/index.php?rest_route=\/wp\/v2\/posts\/90144","targetHints":{"allow":["GET"]}}],"collection":[{"href":"https:\/\/www.egemtv.com\/index.php?rest_route=\/wp\/v2\/posts"}],"about":[{"href":"https:\/\/www.egemtv.com\/index.php?rest_route=\/wp\/v2\/types\/post"}],"author":[{"embeddable":true,"href":"https:\/\/www.egemtv.com\/index.php?rest_route=\/wp\/v2\/users\/1"}],"replies":[{"embeddable":true,"href":"https:\/\/www.egemtv.com\/index.php?rest_route=%2Fwp%2Fv2%2Fcomments&post=90144"}],"version-history":[{"count":1,"href":"https:\/\/www.egemtv.com\/index.php?rest_route=\/wp\/v2\/posts\/90144\/revisions"}],"predecessor-version":[{"id":90146,"href":"https:\/\/www.egemtv.com\/index.php?rest_route=\/wp\/v2\/posts\/90144\/revisions\/90146"}],"wp:featuredmedia":[{"embeddable":true,"href":"https:\/\/www.egemtv.com\/index.php?rest_route=\/wp\/v2\/media\/90145"}],"wp:attachment":[{"href":"https:\/\/www.egemtv.com\/index.php?rest_route=%2Fwp%2Fv2%2Fmedia&parent=90144"}],"wp:term":[{"taxonomy":"category","embeddable":true,"href":"https:\/\/www.egemtv.com\/index.php?rest_route=%2Fwp%2Fv2%2Fcategories&post=90144"},{"taxonomy":"post_tag","embeddable":true,"href":"https:\/\/www.egemtv.com\/index.php?rest_route=%2Fwp%2Fv2%2Ftags&post=90144"}],"curies":[{"name":"wp","href":"https:\/\/api.w.org\/{rel}","templated":true}]}}