{"id":90141,"date":"2026-02-24T18:04:58","date_gmt":"2026-02-24T15:04:58","guid":{"rendered":"https:\/\/www.egemtv.com\/?p=90141"},"modified":"2026-02-24T18:04:58","modified_gmt":"2026-02-24T15:04:58","slug":"burdurda-genc-cifti-ayiran-kazaya-sebep-olan-kamyon-surucusu-tutuklandi","status":"publish","type":"post","link":"https:\/\/www.egemtv.com\/?p=90141","title":{"rendered":"Burdur\u2019da gen\u00e7 \u00e7ifti ay\u0131ran kazaya sebep olan kamyon s\u00fcr\u00fcc\u00fcs\u00fc tutukland\u0131"},"content":{"rendered":"<p>Burdur\u2019da meydana gelen ve s\u00fcr\u00fcc\u00fcn\u00fcn yaraland\u0131\u011f\u0131, e\u015finin ise hayat\u0131n\u0131 kaybetti\u011fi kazaya sebebiyet verdi\u011fi iddias\u0131yla g\u00f6zalt\u0131na al\u0131nan kamyon s\u00fcr\u00fcc\u00fcs\u00fc tutukland\u0131.<br \/>\n<br \/>Kaza, gece saatlerinde Emek Mahallesi B\u00fclten Ecevit Bulvar\u0131 \u00fczerinde meydana geldi. Edinilen bilgiye g\u00f6re, Orhan Y. (22) idaresindeki 20 SE 787 plakal\u0131 otomobil s\u00fcr\u00fcc\u00fcs\u00fcn\u00fcn direksiyon hakimiyetini kaybetmesi sonucu ref\u00fcjdeki elektrik dire\u011fine \u00e7arpt\u0131. Kazada otomobil s\u00fcr\u00fcc\u00fcs\u00fc yaralan\u0131rken, otomobilde yolcu olan e\u015fi Rabia Yal\u00e7\u0131n (23) olay yerinde hayat\u0131n\u0131 kaybetti.<br \/>\n<br \/>\u0130hbar \u00fczerine adrese itfaiye, sa\u011fl\u0131k ve polis ekipleri sevk edildi. Yaral\u0131 otomobil s\u00fcr\u00fcc\u00fcs\u00fc sa\u011fl\u0131k ekipleri taraf\u0131ndan yap\u0131lan ilk m\u00fcdahalenin ard\u0131ndan ambulansla Burdur Devlet Hastanesine kald\u0131r\u0131ld\u0131. Rabia Yal\u00e7\u0131n\u2019\u0131n cenazesi ise otopsi yap\u0131lmak \u00fczere morga g\u00f6t\u00fcr\u00fcld\u00fc. Kaza haberi alarak olay yerine gelen Rabia Yal\u00e7\u0131n\u2019\u0131n yak\u0131nlar\u0131 sinir krizi ge\u00e7irdi.<br \/>\n<br \/>Kaza an\u0131nda otomobili s\u0131k\u0131\u015ft\u0131rarak kazaya sebep oldu\u011fu iddia edilen 55 BZ 360 plakal\u0131 kamyonun s\u00fcr\u00fcc\u00fcs\u00fc C.G. (49), ifadesi al\u0131nmak \u00fczere polis merkezine g\u00f6t\u00fcr\u00fcld\u00fc. Ekipler taraf\u0131ndan yap\u0131lan incelemede kamyon s\u00fcr\u00fcc\u00fcs\u00fcn\u00fcn otomobili s\u0131k\u0131\u015ft\u0131rd\u0131\u011f\u0131 tespit edilirken kamyon s\u00fcr\u00fcc\u00fcs\u00fc polis merkezindeki i\u015flemlerinin ard\u0131ndan \u00e7\u0131kar\u0131ld\u0131\u011f\u0131 mahkemece taksirle \u00f6ld\u00fcrme su\u00e7undan tutuklanarak cezaevine g\u00f6nderildi.<br \/>\n<br \/>Kazayla ilgili tahkikat s\u00fcr\u00fcyor.<br \/><\/p>\n","protected":false},"excerpt":{"rendered":"<p>Burdur\u2019da meydana gelen ve s\u00fcr\u00fcc\u00fcn\u00fcn yaraland\u0131\u011f\u0131, e\u015finin ise hayat\u0131n\u0131 kaybetti\u011fi kazaya sebebiyet verdi\u011fi iddias\u0131yla g\u00f6zalt\u0131na al\u0131nan kamyon s\u00fcr\u00fcc\u00fcs\u00fc tutukland\u0131. Kaza, gece saatlerinde Emek Mahallesi B\u00fclten Ecevit Bulvar\u0131 \u00fczerinde meydana geldi. Edinilen bilgiye g\u00f6re, Orhan Y. (22) idaresindeki 20 SE 787 plakal\u0131 otomobil s\u00fcr\u00fcc\u00fcs\u00fcn\u00fcn direksiyon hakimiyetini kaybetmesi sonucu ref\u00fcjdeki elektrik dire\u011fine \u00e7arpt\u0131. Kazada otomobil s\u00fcr\u00fcc\u00fcs\u00fc yaralan\u0131rken,&#8230;<\/p>\n","protected":false},"author":1,"featured_media":90142,"comment_status":"open","ping_status":"open","sticky":false,"template":"","format":"standard","meta":{"_crdt_document":"","footnotes":""},"categories":[5],"tags":[],"class_list":["post-90141","post","type-post","status-publish","format-standard","has-post-thumbnail","hentry","category-asayis"],"_links":{"self":[{"href":"https:\/\/www.egemtv.com\/index.php?rest_route=\/wp\/v2\/posts\/90141","targetHints":{"allow":["GET"]}}],"collection":[{"href":"https:\/\/www.egemtv.com\/index.php?rest_route=\/wp\/v2\/posts"}],"about":[{"href":"https:\/\/www.egemtv.com\/index.php?rest_route=\/wp\/v2\/types\/post"}],"author":[{"embeddable":true,"href":"https:\/\/www.egemtv.com\/index.php?rest_route=\/wp\/v2\/users\/1"}],"replies":[{"embeddable":true,"href":"https:\/\/www.egemtv.com\/index.php?rest_route=%2Fwp%2Fv2%2Fcomments&post=90141"}],"version-history":[{"count":1,"href":"https:\/\/www.egemtv.com\/index.php?rest_route=\/wp\/v2\/posts\/90141\/revisions"}],"predecessor-version":[{"id":90143,"href":"https:\/\/www.egemtv.com\/index.php?rest_route=\/wp\/v2\/posts\/90141\/revisions\/90143"}],"wp:featuredmedia":[{"embeddable":true,"href":"https:\/\/www.egemtv.com\/index.php?rest_route=\/wp\/v2\/media\/90142"}],"wp:attachment":[{"href":"https:\/\/www.egemtv.com\/index.php?rest_route=%2Fwp%2Fv2%2Fmedia&parent=90141"}],"wp:term":[{"taxonomy":"category","embeddable":true,"href":"https:\/\/www.egemtv.com\/index.php?rest_route=%2Fwp%2Fv2%2Fcategories&post=90141"},{"taxonomy":"post_tag","embeddable":true,"href":"https:\/\/www.egemtv.com\/index.php?rest_route=%2Fwp%2Fv2%2Ftags&post=90141"}],"curies":[{"name":"wp","href":"https:\/\/api.w.org\/{rel}","templated":true}]}}