{"id":90138,"date":"2026-02-24T18:04:57","date_gmt":"2026-02-24T15:04:57","guid":{"rendered":"https:\/\/www.egemtv.com\/?p=90138"},"modified":"2026-02-24T18:04:58","modified_gmt":"2026-02-24T15:04:58","slug":"bodrum-kas-arasinda-firtina-uyarisi","status":"publish","type":"post","link":"https:\/\/www.egemtv.com\/?p=90138","title":{"rendered":"Bodrum-Ka\u015f aras\u0131nda f\u0131rt\u0131na uyar\u0131s\u0131"},"content":{"rendered":"<p>Meteoroloji Genel M\u00fcd\u00fcrl\u00fc\u011f\u00fc 4. B\u00f6lge M\u00fcd\u00fcrl\u00fc\u011f\u00fc B\u00f6lge Tahmin ve Uyar\u0131 Merkezi Bodrum-Ka\u015f aras\u0131nda denizlerde f\u0131rt\u0131na uyar\u0131s\u0131n bulundu<br \/>\n<br \/>Yap\u0131lan uyar\u0131da, &#8220;Bodrum-Ka\u015f aras\u0131nda denizlerde r\u00fczgar\u0131n, yar\u0131n (25.02.2026) ak\u015fam saatlerinden itibaren kuzey ve kuzeybat\u0131 y\u00f6nlerden 6 ila 8 kuvvetinde (50-75 km\/saat) f\u0131rt\u0131na \u015feklinde esece\u011fi tahmin edilmektedir. F\u0131rt\u0131nan\u0131n Per\u015fembe (26.02.2026) ak\u015fam saatlerinden sonra etkisini kaybetmesi beklenmektedir. Ba\u015fta bal\u0131k\u00e7\u0131lar\u0131m\u0131z ve denizcilerimiz olmak \u00fczere meydana gelmesi muhtemel olumsuzluklara kar\u015f\u0131 dikkatli ve tedbirli olunmal\u0131d\u0131r&#8221; denildi.<br \/><\/p>\n","protected":false},"excerpt":{"rendered":"<p>Meteoroloji Genel M\u00fcd\u00fcrl\u00fc\u011f\u00fc 4. B\u00f6lge M\u00fcd\u00fcrl\u00fc\u011f\u00fc B\u00f6lge Tahmin ve Uyar\u0131 Merkezi Bodrum-Ka\u015f aras\u0131nda denizlerde f\u0131rt\u0131na uyar\u0131s\u0131n bulundu Yap\u0131lan uyar\u0131da, &#8220;Bodrum-Ka\u015f aras\u0131nda denizlerde r\u00fczgar\u0131n, yar\u0131n (25.02.2026) ak\u015fam saatlerinden itibaren kuzey ve kuzeybat\u0131 y\u00f6nlerden 6 ila 8 kuvvetinde (50-75 km\/saat) f\u0131rt\u0131na \u015feklinde esece\u011fi tahmin edilmektedir. F\u0131rt\u0131nan\u0131n Per\u015fembe (26.02.2026) ak\u015fam saatlerinden sonra etkisini kaybetmesi beklenmektedir. Ba\u015fta bal\u0131k\u00e7\u0131lar\u0131m\u0131z ve&#8230;<\/p>\n","protected":false},"author":1,"featured_media":90139,"comment_status":"open","ping_status":"open","sticky":false,"template":"","format":"standard","meta":{"_crdt_document":"","footnotes":""},"categories":[1],"tags":[],"class_list":["post-90138","post","type-post","status-publish","format-standard","has-post-thumbnail","hentry","category-guncel"],"_links":{"self":[{"href":"https:\/\/www.egemtv.com\/index.php?rest_route=\/wp\/v2\/posts\/90138","targetHints":{"allow":["GET"]}}],"collection":[{"href":"https:\/\/www.egemtv.com\/index.php?rest_route=\/wp\/v2\/posts"}],"about":[{"href":"https:\/\/www.egemtv.com\/index.php?rest_route=\/wp\/v2\/types\/post"}],"author":[{"embeddable":true,"href":"https:\/\/www.egemtv.com\/index.php?rest_route=\/wp\/v2\/users\/1"}],"replies":[{"embeddable":true,"href":"https:\/\/www.egemtv.com\/index.php?rest_route=%2Fwp%2Fv2%2Fcomments&post=90138"}],"version-history":[{"count":1,"href":"https:\/\/www.egemtv.com\/index.php?rest_route=\/wp\/v2\/posts\/90138\/revisions"}],"predecessor-version":[{"id":90140,"href":"https:\/\/www.egemtv.com\/index.php?rest_route=\/wp\/v2\/posts\/90138\/revisions\/90140"}],"wp:featuredmedia":[{"embeddable":true,"href":"https:\/\/www.egemtv.com\/index.php?rest_route=\/wp\/v2\/media\/90139"}],"wp:attachment":[{"href":"https:\/\/www.egemtv.com\/index.php?rest_route=%2Fwp%2Fv2%2Fmedia&parent=90138"}],"wp:term":[{"taxonomy":"category","embeddable":true,"href":"https:\/\/www.egemtv.com\/index.php?rest_route=%2Fwp%2Fv2%2Fcategories&post=90138"},{"taxonomy":"post_tag","embeddable":true,"href":"https:\/\/www.egemtv.com\/index.php?rest_route=%2Fwp%2Fv2%2Ftags&post=90138"}],"curies":[{"name":"wp","href":"https:\/\/api.w.org\/{rel}","templated":true}]}}