{"id":90132,"date":"2026-02-24T17:35:05","date_gmt":"2026-02-24T14:35:05","guid":{"rendered":"https:\/\/www.egemtv.com\/?p=90132"},"modified":"2026-02-24T17:35:06","modified_gmt":"2026-02-24T14:35:06","slug":"izmirde-uyusturucu-ticaretinden-aranan-hukumlu-yakalandi","status":"publish","type":"post","link":"https:\/\/www.egemtv.com\/?p=90132","title":{"rendered":"\u0130zmir\u2019de uyu\u015fturucu ticaretinden aranan h\u00fck\u00fcml\u00fc yakaland\u0131"},"content":{"rendered":"<p>\u0130zmir\u2019in Bayrakl\u0131 il\u00e7esinde polis ekipleri taraf\u0131ndan durdurulan ve 15 y\u0131l kesinle\u015fmi\u015f hapis cezas\u0131 ile aranan uyu\u015fturucu ticareti zanl\u0131s\u0131 k\u0131sk\u0131vrak yakaland\u0131.<br \/>\n<br \/>Bayrakl\u0131 \u0130l\u00e7e Emniyet M\u00fcd\u00fcrl\u00fc\u011f\u00fc Devriye Ekipler Amirli\u011fi taraf\u0131ndan y\u00fcr\u00fct\u00fclen saha \u00e7al\u0131\u015fmas\u0131nda aranan \u015fah\u0131s g\u00f6zalt\u0131na al\u0131nd\u0131.<br \/>\n<br \/>Ekiplerin 7349 Sokak \u00fczerinde durdurdu\u011fu S.K. isimli \u015fahs\u0131n GBT ve UYAP sorgusu yap\u0131ld\u0131. Yap\u0131lan incelemede \u015fahs\u0131n Bursa A\u011f\u0131r Ceza \u0130lamat Masas\u0131 taraf\u0131ndan arand\u0131\u011f\u0131 belirlendi. S.K.\u2019n\u0131n uyu\u015fturucu veya uyar\u0131c\u0131 madde ticareti yapma veya sa\u011flama su\u00e7undan 15 y\u0131l hapis ve 50 bin TL adli para cezas\u0131yla arand\u0131\u011f\u0131 tespit edildi.<br \/>\n<br \/>Yakalanan zanl\u0131, gerekli adli i\u015flemlerin tamamlanmas\u0131 i\u00e7in Yamanlar Polis Merkezi Amirli\u011fi\u2019ne teslim edildi.<br \/><\/p>\n","protected":false},"excerpt":{"rendered":"<p>\u0130zmir\u2019in Bayrakl\u0131 il\u00e7esinde polis ekipleri taraf\u0131ndan durdurulan ve 15 y\u0131l kesinle\u015fmi\u015f hapis cezas\u0131 ile aranan uyu\u015fturucu ticareti zanl\u0131s\u0131 k\u0131sk\u0131vrak yakaland\u0131. Bayrakl\u0131 \u0130l\u00e7e Emniyet M\u00fcd\u00fcrl\u00fc\u011f\u00fc Devriye Ekipler Amirli\u011fi taraf\u0131ndan y\u00fcr\u00fct\u00fclen saha \u00e7al\u0131\u015fmas\u0131nda aranan \u015fah\u0131s g\u00f6zalt\u0131na al\u0131nd\u0131. Ekiplerin 7349 Sokak \u00fczerinde durdurdu\u011fu S.K. isimli \u015fahs\u0131n GBT ve UYAP sorgusu yap\u0131ld\u0131. Yap\u0131lan incelemede \u015fahs\u0131n Bursa A\u011f\u0131r Ceza \u0130lamat&#8230;<\/p>\n","protected":false},"author":1,"featured_media":90133,"comment_status":"open","ping_status":"open","sticky":false,"template":"","format":"standard","meta":{"_crdt_document":"","footnotes":""},"categories":[5],"tags":[],"class_list":["post-90132","post","type-post","status-publish","format-standard","has-post-thumbnail","hentry","category-asayis"],"_links":{"self":[{"href":"https:\/\/www.egemtv.com\/index.php?rest_route=\/wp\/v2\/posts\/90132","targetHints":{"allow":["GET"]}}],"collection":[{"href":"https:\/\/www.egemtv.com\/index.php?rest_route=\/wp\/v2\/posts"}],"about":[{"href":"https:\/\/www.egemtv.com\/index.php?rest_route=\/wp\/v2\/types\/post"}],"author":[{"embeddable":true,"href":"https:\/\/www.egemtv.com\/index.php?rest_route=\/wp\/v2\/users\/1"}],"replies":[{"embeddable":true,"href":"https:\/\/www.egemtv.com\/index.php?rest_route=%2Fwp%2Fv2%2Fcomments&post=90132"}],"version-history":[{"count":1,"href":"https:\/\/www.egemtv.com\/index.php?rest_route=\/wp\/v2\/posts\/90132\/revisions"}],"predecessor-version":[{"id":90134,"href":"https:\/\/www.egemtv.com\/index.php?rest_route=\/wp\/v2\/posts\/90132\/revisions\/90134"}],"wp:featuredmedia":[{"embeddable":true,"href":"https:\/\/www.egemtv.com\/index.php?rest_route=\/wp\/v2\/media\/90133"}],"wp:attachment":[{"href":"https:\/\/www.egemtv.com\/index.php?rest_route=%2Fwp%2Fv2%2Fmedia&parent=90132"}],"wp:term":[{"taxonomy":"category","embeddable":true,"href":"https:\/\/www.egemtv.com\/index.php?rest_route=%2Fwp%2Fv2%2Fcategories&post=90132"},{"taxonomy":"post_tag","embeddable":true,"href":"https:\/\/www.egemtv.com\/index.php?rest_route=%2Fwp%2Fv2%2Ftags&post=90132"}],"curies":[{"name":"wp","href":"https:\/\/api.w.org\/{rel}","templated":true}]}}