{"id":90129,"date":"2026-02-24T17:15:45","date_gmt":"2026-02-24T14:15:45","guid":{"rendered":"https:\/\/www.egemtv.com\/?p=90129"},"modified":"2026-02-24T17:15:46","modified_gmt":"2026-02-24T14:15:46","slug":"manisada-rekor-yagislarin-bilancosu-191-ihbar-20-bin-dekar-su-altinda","status":"publish","type":"post","link":"https:\/\/www.egemtv.com\/?p=90129","title":{"rendered":"Manisa\u2019da rekor ya\u011f\u0131\u015flar\u0131n bilan\u00e7osu: 191 ihbar, 20 bin dekar su alt\u0131nda"},"content":{"rendered":"<p>Manisa\u2019da son y\u0131llar\u0131n en yo\u011fun ya\u011f\u0131\u015flar\u0131n\u0131n ard\u0131ndan meydana gelen sel, su bask\u0131n\u0131 ve heyelanlar\u0131n bilan\u00e7osu netle\u015fiyor. Manisa Valili\u011fi koordinasyonunda t\u00fcm kurumlar\u0131n teyakkuza ge\u00e7ti\u011fi s\u00fcre\u00e7te il genelinde 191 ihbar al\u0131n\u0131rken, \u00f6zellikle Gediz Nehri ve Ala\u015fehir \u00c7ay\u0131\u2019n\u0131n ta\u015fmas\u0131 sonucu 20 bin dekar tar\u0131m arazisinin su alt\u0131nda kald\u0131\u011f\u0131 bildirildi.<br \/>\n<br \/>Manisa\u2019da son birka\u00e7 haftad\u0131r aral\u0131klarla etkili olan ve meteorolojik verilere g\u00f6re son y\u0131llar\u0131n en y\u00fcksek rakamlar\u0131na ula\u015fan kuvvetli ya\u011f\u0131\u015f ile f\u0131rt\u0131nan\u0131n ard\u0131ndan ekiplerin sahadaki incelemeleri devam ediyor. Manisa Valili\u011fi koordinasyonunda ilgili t\u00fcm kurum ve kurulu\u015flarca 7\/24 esas\u0131na g\u00f6re y\u00fcr\u00fct\u00fclen \u00e7al\u0131\u015fmalarla, selden etkilenen b\u00f6lgelerde hasar tespit faaliyetlerine h\u0131z verildi. Meteoroloji Genel M\u00fcd\u00fcrl\u00fc\u011f\u00fc\u2019n\u00fcn uyar\u0131lar\u0131n\u0131n ard\u0131ndan teyakkuza ge\u00e7en Manisa Valili\u011fi, s\u00fcreci AFAD ve ilgili t\u00fcm kurumlarla yak\u0131ndan takip etti. Riskli b\u00f6lgelerde motopomp ve tahliye ekipleri haz\u0131r bulundurulurken, ula\u015f\u0131m ve altyap\u0131 g\u00fcvenli\u011fine y\u00f6nelik \u00f6nleyici \u00e7al\u0131\u015fmalar titizlikle y\u00fcr\u00fct\u00fcld\u00fc. Edinilen bilgiye g\u00f6re, \u015fiddetli ya\u011f\u0131\u015flar il genelinde geni\u015f bir alanda etkili oldu. \u0130HA muhabirinin derledi\u011fi bilgilere g\u00f6re, il genelinde 88 sel ve su bask\u0131n\u0131, 19 \u00e7\u00f6kme ve g\u00f6\u00e7me vakas\u0131 ile 20 mahsur kalma olay\u0131 ya\u015fand\u0131. Ayr\u0131ca 26 heyelan ve toprak kaymas\u0131, 35 f\u0131rt\u0131na ve 4 hasar tespit talebi olmak \u00fczere toplam 191 ihbar i\u00e7in ekipler taraf\u0131ndan h\u0131zl\u0131ca m\u00fcdahale ba\u015flat\u0131ld\u0131.<\/p>\n<p>Tar\u0131m alanlar\u0131 sular alt\u0131nda ald\u0131<br \/>\n<br \/>Manisa\u2019n\u0131n tar\u0131m arazileri, ta\u015fk\u0131nlardan etkilenen alanlar\u0131n ba\u015f\u0131nda geldi. \u00d6zellikle Gediz Nehri ve Ala\u015fehir \u00c7ay\u0131 havzas\u0131nda yo\u011funla\u015fan ta\u015fk\u0131nlar nedeniyle yakla\u015f\u0131k 20 bin dekar tar\u0131m alan\u0131 su alt\u0131nda kald\u0131. \u00dcz\u00fcm ba\u011flar\u0131, hububat, yem bitkileri, zeytinlikler ve k\u0131\u015fl\u0131k sebze alanlar\u0131n\u0131n etkilendi\u011fi b\u00f6lgede; tek y\u0131ll\u0131k \u00fcr\u00fcnlerde zarar olu\u015ftu\u011fu ancak dikili ba\u011f ve zeytin alanlar\u0131nda genel olarak kal\u0131c\u0131 bir zarar beklenmedi\u011fi de\u011ferlendiriliyor. Kesin hasar tespiti, sular\u0131n \u00e7ekilmesinin ard\u0131ndan \u0130l Tar\u0131m ve Orman M\u00fcd\u00fcrl\u00fc\u011f\u00fc ekiplerince tamamlanacak. Manisa \u00c7evre, \u015eehircilik ve \u0130klim De\u011fi\u015fikli\u011fi \u0130l M\u00fcd\u00fcrl\u00fc\u011f\u00fc ekipleri taraf\u0131ndan yap\u0131lan incelemelerde 1 yap\u0131n\u0131n y\u0131k\u0131k oldu\u011fu, 4 yap\u0131n\u0131n az hasarl\u0131, 5 yap\u0131n\u0131n ise hasars\u0131z oldu\u011fu tespit edildi. Kontroller sonucunda il genelinde a\u011f\u0131r hasarl\u0131 yap\u0131n\u0131n bulunmad\u0131\u011f\u0131 bildirildi.<\/p>\n<p>2 bin 784 personel sahada g\u00f6rev yapt\u0131<br \/>\n<br \/>Meydana gelen olaylara m\u00fcdahale kapsam\u0131nda Manisa Valili\u011fi koordinasyonunda; AFAD, Manisa B\u00fcy\u00fck\u015fehir Belediyesi, DS\u0130, Karayollar\u0131, Orman \u0130\u015fletme, Emniyet ve Jandarma ekiplerinden olu\u015fan 2 bin 784 personel, toplam 1 bin 119 ara\u00e7 ile sahada g\u00f6rev yapt\u0131. Zarar g\u00f6ren \u00fcreticiler ve vatanda\u015flar i\u00e7in idari s\u00fcre\u00e7lerin titizlikle y\u00fcr\u00fct\u00fcld\u00fc\u011f\u00fc, vatanda\u015flar\u0131n can ve mal g\u00fcvenli\u011finin korunmas\u0131na y\u00f6nelik \u00e7al\u0131\u015fmalar\u0131n aral\u0131ks\u0131z s\u00fcrd\u00fcr\u00fcl\u00fcrken, hasar tespit \u00e7al\u0131\u015fmalar\u0131n\u0131n sular\u0131n \u00e7ekilmesiyle netlik kazanaca\u011f\u0131 belirtildi.<br \/><\/p>\n","protected":false},"excerpt":{"rendered":"<p>Manisa\u2019da son y\u0131llar\u0131n en yo\u011fun ya\u011f\u0131\u015flar\u0131n\u0131n ard\u0131ndan meydana gelen sel, su bask\u0131n\u0131 ve heyelanlar\u0131n bilan\u00e7osu netle\u015fiyor. Manisa Valili\u011fi koordinasyonunda t\u00fcm kurumlar\u0131n teyakkuza ge\u00e7ti\u011fi s\u00fcre\u00e7te il genelinde 191 ihbar al\u0131n\u0131rken, \u00f6zellikle Gediz Nehri ve Ala\u015fehir \u00c7ay\u0131\u2019n\u0131n ta\u015fmas\u0131 sonucu 20 bin dekar tar\u0131m arazisinin su alt\u0131nda kald\u0131\u011f\u0131 bildirildi. Manisa\u2019da son birka\u00e7 haftad\u0131r aral\u0131klarla etkili olan ve meteorolojik&#8230;<\/p>\n","protected":false},"author":1,"featured_media":90130,"comment_status":"open","ping_status":"open","sticky":false,"template":"","format":"standard","meta":{"_crdt_document":"","footnotes":""},"categories":[5],"tags":[],"class_list":["post-90129","post","type-post","status-publish","format-standard","has-post-thumbnail","hentry","category-asayis"],"_links":{"self":[{"href":"https:\/\/www.egemtv.com\/index.php?rest_route=\/wp\/v2\/posts\/90129","targetHints":{"allow":["GET"]}}],"collection":[{"href":"https:\/\/www.egemtv.com\/index.php?rest_route=\/wp\/v2\/posts"}],"about":[{"href":"https:\/\/www.egemtv.com\/index.php?rest_route=\/wp\/v2\/types\/post"}],"author":[{"embeddable":true,"href":"https:\/\/www.egemtv.com\/index.php?rest_route=\/wp\/v2\/users\/1"}],"replies":[{"embeddable":true,"href":"https:\/\/www.egemtv.com\/index.php?rest_route=%2Fwp%2Fv2%2Fcomments&post=90129"}],"version-history":[{"count":1,"href":"https:\/\/www.egemtv.com\/index.php?rest_route=\/wp\/v2\/posts\/90129\/revisions"}],"predecessor-version":[{"id":90131,"href":"https:\/\/www.egemtv.com\/index.php?rest_route=\/wp\/v2\/posts\/90129\/revisions\/90131"}],"wp:featuredmedia":[{"embeddable":true,"href":"https:\/\/www.egemtv.com\/index.php?rest_route=\/wp\/v2\/media\/90130"}],"wp:attachment":[{"href":"https:\/\/www.egemtv.com\/index.php?rest_route=%2Fwp%2Fv2%2Fmedia&parent=90129"}],"wp:term":[{"taxonomy":"category","embeddable":true,"href":"https:\/\/www.egemtv.com\/index.php?rest_route=%2Fwp%2Fv2%2Fcategories&post=90129"},{"taxonomy":"post_tag","embeddable":true,"href":"https:\/\/www.egemtv.com\/index.php?rest_route=%2Fwp%2Fv2%2Ftags&post=90129"}],"curies":[{"name":"wp","href":"https:\/\/api.w.org\/{rel}","templated":true}]}}