{"id":90126,"date":"2026-02-24T15:55:01","date_gmt":"2026-02-24T12:55:01","guid":{"rendered":"https:\/\/www.egemtv.com\/?p=90126"},"modified":"2026-02-24T15:55:02","modified_gmt":"2026-02-24T12:55:02","slug":"cografi-isaretli-datca-nurlu-bademi-icin-mugla-buyuksehir-belediyesi-tesis-kuruyor","status":"publish","type":"post","link":"https:\/\/www.egemtv.com\/?p=90126","title":{"rendered":"Co\u011frafi i\u015faretli Dat\u00e7a Nurlu Bademi i\u00e7in Mu\u011fla B\u00fcy\u00fck\u015fehir Belediyesi tesis kuruyor"},"content":{"rendered":"<p>Mu\u011fla B\u00fcy\u00fck\u015fehir Belediyesi\u2019nin destekleriyle Dat\u00e7a Ahi Kad\u0131n Giri\u015fimi \u00dcretim ve \u0130\u015fletme Kooperatifi taraf\u0131ndan haz\u0131rlanan &#8220;Dat\u00e7a Nurlu Bademi Sosyal Kalk\u0131nmaya Destek Oluyor&#8221; projesi, 2025 y\u0131l\u0131 Sosyal Geli\u015fmeyi Destekleme Program\u0131 (SOGEP) kapsam\u0131nda destek almaya hak kazand\u0131. Proje do\u011frultusunda, B\u00fcy\u00fck\u015fehir Belediyesi\u2019ne ait ta\u015f\u0131nmaz \u00fczerinde co\u011frafi i\u015faretli Dat\u00e7a Nurlu Badem\u2019inin i\u015flenece\u011fi bir \u00fcretim tesisi kurulacak.<br \/>\n<br \/>Mu\u011fla B\u00fcy\u00fck\u015fehir Belediyesi\u2019nin yerel kalk\u0131nma ve kad\u0131n eme\u011fini g\u00fc\u00e7lendirme hedefi do\u011frultusunda destek verdi\u011fi projelerden biri daha hayata ge\u00e7iyor. Dat\u00e7a\u2019n\u0131n ilk ve tek kad\u0131n kooperatifi olan S.S. Dat\u00e7a Ahi Kad\u0131n Giri\u015fimi \u00dcretim ve \u0130\u015fletme Kooperatifi taraf\u0131ndan haz\u0131rlanan &#8220;Co\u011frafi \u0130\u015faretli Dat\u00e7a Nurlu Bademi Sosyal Kalk\u0131nmaya Destek Oluyor&#8221; projesi, 2025 y\u0131l\u0131 SOGEP kapsam\u0131nda Mu\u011fla\u2019dan desteklenmesine karar verilen projeler aras\u0131nda yer ald\u0131. Proje kapsam\u0131nda, m\u00fclkiyeti Mu\u011fla B\u00fcy\u00fck\u015fehir Belediyesi\u2019ne ait ta\u015f\u0131nmaz \u00fczerinde bir \u00fcretim tesisi kurulacak.<br \/>\n<br \/>Co\u011frafi i\u015faretli Dat\u00e7a Nurlu Badem\u2019i i\u015flenecek<br \/>\n<br \/>Kurulacak tesiste Co\u011frafi \u0130\u015faret Tescilli Dat\u00e7a Nurlu Bademi i\u015flenerek katma de\u011feri art\u0131r\u0131lacak. Badem lokumu, kurabiye ve \u00e7e\u015fitli g\u0131da \u00fcr\u00fcnleri ba\u015fta olmak \u00fczere yeni \u00fcr\u00fcnlerin \u00fcretimi ger\u00e7ekle\u015ftirilecek.<br \/>\n<br \/>Bunun yan\u0131 s\u0131ra di\u011fer y\u00f6resel \u00fcr\u00fcnlerin de i\u015flenerek ticari \u00fcr\u00fcne d\u00f6n\u00fc\u015ft\u00fcr\u00fclmesi sa\u011flanacak. B\u00f6ylece yerel ve geleneksel \u00fcr\u00fcnlerin \u00e7e\u015fitlendirilmesi, markala\u015fmas\u0131 ve ekonomiye kazand\u0131r\u0131lmas\u0131 hedefleniyor.<br \/>\n<br \/>B\u00fcy\u00fck\u015fehir\u2019den kad\u0131n kooperatifine \u00fcretim deste\u011fi<br \/>\n<br \/>Katma de\u011ferli \u00fcretim anlay\u0131\u015f\u0131yla olu\u015fturulacak yerel \u00fcr\u00fcn \u00fcretim ve pazarlama ekosistemi sayesinde Dat\u00e7a\u2019da sosyo-ekonomik kalk\u0131nman\u0131n desteklenmesi ama\u00e7lan\u0131yor. Proje ile \u00f6zellikle kad\u0131n ve gen\u00e7 istihdam\u0131n\u0131n art\u0131r\u0131lmas\u0131, \u00fcretime aktif kat\u0131l\u0131m\u0131n te\u015fvik edilmesi ve kooperatif\u00e7ilik modelinin g\u00fc\u00e7lendirilmesi planlan\u0131yor. Mu\u011fla B\u00fcy\u00fck\u015fehir Belediyesi\u2019nin kooperatiflere sa\u011flad\u0131\u011f\u0131 mek\u00e2nsal ve kurumsal destekle hayata ge\u00e7ecek tesis, hem Dat\u00e7a Nurlu Bademi\u2019nin marka de\u011ferini y\u00fckseltecek hem de kad\u0131n eme\u011fi temelli sosyal kalk\u0131nmaya katk\u0131 sunacak.<br \/>\n<br \/>Ba\u015fkan Aras: &#8220;Kad\u0131n eme\u011fiyle yerel kalk\u0131nmay\u0131 b\u00fcy\u00fct\u00fcyoruz&#8221;<br \/>\n<br \/>K\u0131y\u0131 Ege Belediyeler Birli\u011fi ve Mu\u011fla B\u00fcy\u00fck\u015fehir Belediye Ba\u015fkan\u0131 Ahmet Aras, &#8220;Mu\u011fla\u2019m\u0131z\u0131n her il\u00e7esinde yerel \u00fcretimi, kad\u0131n eme\u011fini ve kooperatif\u00e7ili\u011fi desteklemeye devam ediyoruz. Dat\u00e7a\u2019n\u0131n simgelerinden biri olan co\u011frafi i\u015faretli Nurlu Badem\u2019i sadece bir tar\u0131m \u00fcr\u00fcn\u00fc olarak de\u011fil, bu kentin k\u00fclt\u00fcr\u00fc, eme\u011fi ve bereketi olarak g\u00f6r\u00fcyoruz. Bu proje ile birlikte Dat\u00e7a\u2019da kad\u0131nlar\u0131n \u00fcretimde daha g\u00fc\u00e7l\u00fc yer almas\u0131n\u0131, gen\u00e7lerimizin kendi memleketlerinde istihdam edilmesini ve yerel de\u011ferlerimizin katma de\u011fere d\u00f6n\u00fc\u015fmesini hedefliyoruz. B\u00fcy\u00fck\u015fehir Belediyesi olarak kooperatiflerimize mek\u00e2nsal ve kurumsal destek sunuyor, onlar\u0131n daha g\u00fc\u00e7l\u00fc, daha s\u00fcrd\u00fcr\u00fclebilir yap\u0131lar haline gelmesi i\u00e7in \u00e7al\u0131\u015f\u0131yoruz. Dat\u00e7a Nurlu Bademi\u2019nin i\u015flenerek markala\u015fmas\u0131 hem il\u00e7e ekonomisine hem de Mu\u011fla\u2019m\u0131z\u0131n tan\u0131t\u0131m\u0131na \u00f6nemli katk\u0131 sa\u011flayacakt\u0131r. Yerelde kalk\u0131nman\u0131n yolu, yerel \u00fcreticiyi ve \u00f6zellikle kad\u0131n eme\u011fini desteklemekten ge\u00e7iyor. Bu anlay\u0131\u015fla \u00fcretmeye, desteklemeye ve birlikte b\u00fcy\u00fcmeye devam edece\u011fiz&#8221; dedi.<br \/><\/p>\n","protected":false},"excerpt":{"rendered":"<p>Mu\u011fla B\u00fcy\u00fck\u015fehir Belediyesi\u2019nin destekleriyle Dat\u00e7a Ahi Kad\u0131n Giri\u015fimi \u00dcretim ve \u0130\u015fletme Kooperatifi taraf\u0131ndan haz\u0131rlanan &#8220;Dat\u00e7a Nurlu Bademi Sosyal Kalk\u0131nmaya Destek Oluyor&#8221; projesi, 2025 y\u0131l\u0131 Sosyal Geli\u015fmeyi Destekleme Program\u0131 (SOGEP) kapsam\u0131nda destek almaya hak kazand\u0131. Proje do\u011frultusunda, B\u00fcy\u00fck\u015fehir Belediyesi\u2019ne ait ta\u015f\u0131nmaz \u00fczerinde co\u011frafi i\u015faretli Dat\u00e7a Nurlu Badem\u2019inin i\u015flenece\u011fi bir \u00fcretim tesisi kurulacak. Mu\u011fla B\u00fcy\u00fck\u015fehir Belediyesi\u2019nin yerel&#8230;<\/p>\n","protected":false},"author":1,"featured_media":90127,"comment_status":"open","ping_status":"open","sticky":false,"template":"","format":"standard","meta":{"_crdt_document":"","footnotes":""},"categories":[125],"tags":[],"class_list":["post-90126","post","type-post","status-publish","format-standard","has-post-thumbnail","hentry","category-ekonomi"],"_links":{"self":[{"href":"https:\/\/www.egemtv.com\/index.php?rest_route=\/wp\/v2\/posts\/90126","targetHints":{"allow":["GET"]}}],"collection":[{"href":"https:\/\/www.egemtv.com\/index.php?rest_route=\/wp\/v2\/posts"}],"about":[{"href":"https:\/\/www.egemtv.com\/index.php?rest_route=\/wp\/v2\/types\/post"}],"author":[{"embeddable":true,"href":"https:\/\/www.egemtv.com\/index.php?rest_route=\/wp\/v2\/users\/1"}],"replies":[{"embeddable":true,"href":"https:\/\/www.egemtv.com\/index.php?rest_route=%2Fwp%2Fv2%2Fcomments&post=90126"}],"version-history":[{"count":1,"href":"https:\/\/www.egemtv.com\/index.php?rest_route=\/wp\/v2\/posts\/90126\/revisions"}],"predecessor-version":[{"id":90128,"href":"https:\/\/www.egemtv.com\/index.php?rest_route=\/wp\/v2\/posts\/90126\/revisions\/90128"}],"wp:featuredmedia":[{"embeddable":true,"href":"https:\/\/www.egemtv.com\/index.php?rest_route=\/wp\/v2\/media\/90127"}],"wp:attachment":[{"href":"https:\/\/www.egemtv.com\/index.php?rest_route=%2Fwp%2Fv2%2Fmedia&parent=90126"}],"wp:term":[{"taxonomy":"category","embeddable":true,"href":"https:\/\/www.egemtv.com\/index.php?rest_route=%2Fwp%2Fv2%2Fcategories&post=90126"},{"taxonomy":"post_tag","embeddable":true,"href":"https:\/\/www.egemtv.com\/index.php?rest_route=%2Fwp%2Fv2%2Ftags&post=90126"}],"curies":[{"name":"wp","href":"https:\/\/api.w.org\/{rel}","templated":true}]}}