{"id":90123,"date":"2026-02-24T15:35:34","date_gmt":"2026-02-24T12:35:34","guid":{"rendered":"https:\/\/www.egemtv.com\/?p=90123"},"modified":"2026-02-24T15:35:35","modified_gmt":"2026-02-24T12:35:35","slug":"yagislarda-zarar-goren-su-isale-hatti-yenileniyor","status":"publish","type":"post","link":"https:\/\/www.egemtv.com\/?p=90123","title":{"rendered":"Ya\u011f\u0131\u015flarda zarar g\u00f6ren su isale hatt\u0131 yenileniyor"},"content":{"rendered":"<p>MUSK\u0130 Genel M\u00fcd\u00fcrl\u00fc\u011f\u00fc, K\u00f6yce\u011fiz il\u00e7esi P\u0131nar ve \u00c7ayhisar Mahallelerini besleyen isale hatt\u0131nda, yo\u011fun ya\u011f\u0131\u015flar\u0131n ard\u0131ndan meydana gelen toprak kaymas\u0131 sonucu hasar g\u00f6ren hatt\u0131 yenileyerek i\u00e7me suyu iletimini yeniden sa\u011flad\u0131.<br \/>\n<br \/>B\u00fcy\u00fck\u015fehir Belediye Ba\u015fkan\u0131 Ahmet Aras\u2019\u0131n, il genelinde etkili olan yo\u011fun ya\u011f\u0131\u015flar ve buna ba\u011fl\u0131 geli\u015fen olumsuzluklar\u0131n vatanda\u015flar\u0131 ma\u011fdur etmemesi y\u00f6n\u00fcndeki talimatlar\u0131 do\u011frultusunda \u00e7al\u0131\u015fmalar\u0131n\u0131 s\u00fcrd\u00fcren Mu\u011fla B\u00fcy\u00fck\u015fehir Belediyesi Su ve Kanalizasyon \u0130daresi (MUSK\u0130) Genel M\u00fcd\u00fcrl\u00fc\u011f\u00fc ekipleri, K\u00f6yce\u011fiz\u2019de meydana gelen ya\u015fanan toprak kaymas\u0131 sonucu P\u0131nar ve \u00c7ayhisar Mahallelerini besleyen i\u00e7me suyu isale hatt\u0131nda olu\u015fan hasar\u0131 k\u0131sa s\u00fcrede gidererek su iletimini yeniden g\u00fcvenli hale getirdi.<br \/>\n<br \/>Toprak kaymas\u0131n\u0131n zarar verdi\u011fi i\u00e7me suyu hatt\u0131na stratejik m\u00fcdahale<br \/>\n<br \/>K\u00f6yce\u011fiz il\u00e7esi Sand\u0131ras Da\u011f\u0131\u2019nda, P\u0131nar ve \u00c7ayhisar Mahallelerine su iletimi sa\u011flayan Dar\u0131yeri su g\u00f6z\u00fcnde meydana gelen toprak kaymas\u0131 sonucu isale hatlar\u0131nda kopmalar ya\u015fan\u0131rken, zorlu do\u011fa \u015fartlar\u0131 ve sarp araziye ra\u011fmen hava \u015fartlar\u0131n\u0131n elveri\u015fli oldu\u011fu ilk anda planl\u0131 bir \u015fekilde b\u00f6lgeye m\u00fcdahale edilerek sahada tespit \u00e7al\u0131\u015fmalar\u0131 ger\u00e7ekle\u015ftirildi. Toprak kaymas\u0131 nedeniyle kapanan yollar kademeli olarak a\u00e7\u0131l\u0131rken, gerekli i\u015f makineleri ve yeni hatlar b\u00f6lgeye sevk edildi. Drone destekli havadan yap\u0131lan tespitlerle y\u00fczey ve alan analizi stratejik bir bi\u00e7imde sa\u011flanarak m\u00fcdahale s\u00fcreci h\u0131zland\u0131r\u0131ld\u0131. Yo\u011fun ya\u011f\u0131\u015flar\u0131n etkisini s\u00fcrd\u00fcrmesiyle b\u00f6lgede zaman zaman yeni toprak kaymalar\u0131 ya\u015fanmas\u0131na ra\u011fmen, depolara su iletiminin sa\u011flanmas\u0131 ve s\u00fcreklili\u011fin korunmas\u0131 amac\u0131yla \u00e7al\u0131\u015fmalar titizlikle tamamland\u0131. B\u00f6ylece MUSK\u0130 ekipleri, zorlu \u015fartlar alt\u0131nda vatanda\u015flar\u0131n ma\u011fduriyet ya\u015famas\u0131n\u0131n \u00f6n\u00fcne ge\u00e7ti.<br \/>\n<br \/>MUSK\u0130 Genel M\u00fcd\u00fcrl\u00fc\u011f\u00fc, \u0130\u015fletmeler Daire Ba\u015fkanl\u0131\u011f\u0131, Kaynak \u015fefi \u00d6zcan \u00c7\u0131nar, &#8220;K\u00f6yce\u011fiz il\u00e7esi P\u0131nar Mahallesi ve \u00c7ayhisar Mahallesi\u2019nin belli b\u00f6l\u00fcmlerini besleyen kaynaklarday\u0131z. Yo\u011fun ya\u011f\u0131\u015flar\u0131n sebep oldu\u011fu heyelan neticesinde kopan isale hatlar\u0131m\u0131z ve kaynaklar\u0131m\u0131z\u0131n bak\u0131m onar\u0131m\u0131 i\u00e7in bu b\u00f6lgede \u00e7al\u0131\u015fma yapmaktay\u0131z&#8221; dedi.<br \/>\n<br \/>K\u00f6yce\u011fiz P\u0131nar Mahallesi Muhtar\u0131 \u00d6mer Ali Kanat, &#8220;Buras\u0131 Be\u015fparmak Da\u011f\u0131. Bizim i\u00e7me suyumuzun oldu\u011fu kaynak buras\u0131. Kaynak b\u00f6lgesindeyiz, en u\u00e7tay\u0131z, sarp arazi. Meydana gelen a\u015f\u0131r\u0131 ya\u011f\u0131\u015flar ve afetten dolay\u0131 b\u00fcy\u00fck bir g\u00f6\u00e7\u00fck olu\u015ftu burada. Hemen akabinde de MUSK\u0130 Genel M\u00fcd\u00fcrl\u00fc\u011f\u00fcm\u00fcz ve B\u00fcy\u00fck\u015fehirimiz hep beraber koordineli bir \u015fekilde \u00e7al\u0131\u015fmalara ba\u015flad\u0131k burada. Buras\u0131 ger\u00e7ekten \u00e7al\u0131\u015fmas\u0131 \u00e7ok zor, sarp bir arazi. \u00c7al\u0131\u015fmam\u0131z bir haftad\u0131r aral\u0131ks\u0131z devam ediyor. Ben buradan \u00f6zellikle \u00fcst\u00fcn gayretlerinden dolay\u0131 MUSK\u0130 \u00e7al\u0131\u015fanlar\u0131m\u0131za, MUSK\u0130 Genel M\u00fcd\u00fcr\u00fcm\u00fcze, Ahmet Ba\u015fkan\u2019\u0131m\u0131za \u00e7ok te\u015fekk\u00fcr ediyorum&#8221; dedi.<br \/><\/p>\n","protected":false},"excerpt":{"rendered":"<p>MUSK\u0130 Genel M\u00fcd\u00fcrl\u00fc\u011f\u00fc, K\u00f6yce\u011fiz il\u00e7esi P\u0131nar ve \u00c7ayhisar Mahallelerini besleyen isale hatt\u0131nda, yo\u011fun ya\u011f\u0131\u015flar\u0131n ard\u0131ndan meydana gelen toprak kaymas\u0131 sonucu hasar g\u00f6ren hatt\u0131 yenileyerek i\u00e7me suyu iletimini yeniden sa\u011flad\u0131. B\u00fcy\u00fck\u015fehir Belediye Ba\u015fkan\u0131 Ahmet Aras\u2019\u0131n, il genelinde etkili olan yo\u011fun ya\u011f\u0131\u015flar ve buna ba\u011fl\u0131 geli\u015fen olumsuzluklar\u0131n vatanda\u015flar\u0131 ma\u011fdur etmemesi y\u00f6n\u00fcndeki talimatlar\u0131 do\u011frultusunda \u00e7al\u0131\u015fmalar\u0131n\u0131 s\u00fcrd\u00fcren Mu\u011fla B\u00fcy\u00fck\u015fehir&#8230;<\/p>\n","protected":false},"author":1,"featured_media":90124,"comment_status":"open","ping_status":"open","sticky":false,"template":"","format":"standard","meta":{"_crdt_document":"","footnotes":""},"categories":[2],"tags":[],"class_list":["post-90123","post","type-post","status-publish","format-standard","has-post-thumbnail","hentry","category-saglik"],"_links":{"self":[{"href":"https:\/\/www.egemtv.com\/index.php?rest_route=\/wp\/v2\/posts\/90123","targetHints":{"allow":["GET"]}}],"collection":[{"href":"https:\/\/www.egemtv.com\/index.php?rest_route=\/wp\/v2\/posts"}],"about":[{"href":"https:\/\/www.egemtv.com\/index.php?rest_route=\/wp\/v2\/types\/post"}],"author":[{"embeddable":true,"href":"https:\/\/www.egemtv.com\/index.php?rest_route=\/wp\/v2\/users\/1"}],"replies":[{"embeddable":true,"href":"https:\/\/www.egemtv.com\/index.php?rest_route=%2Fwp%2Fv2%2Fcomments&post=90123"}],"version-history":[{"count":1,"href":"https:\/\/www.egemtv.com\/index.php?rest_route=\/wp\/v2\/posts\/90123\/revisions"}],"predecessor-version":[{"id":90125,"href":"https:\/\/www.egemtv.com\/index.php?rest_route=\/wp\/v2\/posts\/90123\/revisions\/90125"}],"wp:featuredmedia":[{"embeddable":true,"href":"https:\/\/www.egemtv.com\/index.php?rest_route=\/wp\/v2\/media\/90124"}],"wp:attachment":[{"href":"https:\/\/www.egemtv.com\/index.php?rest_route=%2Fwp%2Fv2%2Fmedia&parent=90123"}],"wp:term":[{"taxonomy":"category","embeddable":true,"href":"https:\/\/www.egemtv.com\/index.php?rest_route=%2Fwp%2Fv2%2Fcategories&post=90123"},{"taxonomy":"post_tag","embeddable":true,"href":"https:\/\/www.egemtv.com\/index.php?rest_route=%2Fwp%2Fv2%2Ftags&post=90123"}],"curies":[{"name":"wp","href":"https:\/\/api.w.org\/{rel}","templated":true}]}}