{"id":90120,"date":"2026-02-24T15:35:33","date_gmt":"2026-02-24T12:35:33","guid":{"rendered":"https:\/\/www.egemtv.com\/?p=90120"},"modified":"2026-02-24T15:35:34","modified_gmt":"2026-02-24T12:35:34","slug":"salihliye-atanan-din-gorevlileri-cubbe-giydi","status":"publish","type":"post","link":"https:\/\/www.egemtv.com\/?p=90120","title":{"rendered":"Salihli\u2019ye atanan din g\u00f6revlileri c\u00fcbbe giydi"},"content":{"rendered":"<p>Manisa\u2019n\u0131n Salihli il\u00e7esinde g\u00f6revlerine ba\u015flayan din g\u00f6revlileri i\u00e7in c\u00fcbbe ve sar\u0131k giyme t\u00f6reni d\u00fczenlendi.<br \/>\n<br \/>Diyanet Akademisi\u2019nde e\u011fitimlerini tamamlayarak Salihli\u2019ye atanan din g\u00f6revlileri i\u00e7in d\u00fczenlenen program, \u0130l\u00e7e M\u00fcft\u00fcl\u00fc\u011f\u00fc ev sahipli\u011finde ger\u00e7ekle\u015ftirildi. T\u00f6ren kapsam\u0131nda yeni g\u00f6revlilere c\u00fcbbe ve sar\u0131klar\u0131 takdim edildi.<br \/>\n<br \/>Programda konu\u015fan \u0130l\u00e7e M\u00fcft\u00fcs\u00fc Ali \u00c7ebi, din g\u00f6revlili\u011finin kutsal ve sorumlulu\u011fu b\u00fcy\u00fck bir g\u00f6rev oldu\u011funu belirterek, &#8220;Din g\u00f6revlili\u011fi sadece bir meslek de\u011fil, ayn\u0131 zamanda dini ve devleti temsil etme makam\u0131d\u0131r. Toplumun her kesimine rehberlik eden, birlik ve beraberli\u011fi g\u00fc\u00e7lendiren \u00f6nemli bir vazifedir&#8221; dedi.<br \/>\n<br \/>Konu\u015fman\u0131n ard\u0131ndan M\u00fcft\u00fc \u00c7ebi, Salihli\u2019ye yeni atanan din g\u00f6revlilerine sar\u0131k ve c\u00fcbbelerini giydirerek dua etti. Program, belge takdimi ile sona erdi.<br \/><\/p>\n","protected":false},"excerpt":{"rendered":"<p>Manisa\u2019n\u0131n Salihli il\u00e7esinde g\u00f6revlerine ba\u015flayan din g\u00f6revlileri i\u00e7in c\u00fcbbe ve sar\u0131k giyme t\u00f6reni d\u00fczenlendi. Diyanet Akademisi\u2019nde e\u011fitimlerini tamamlayarak Salihli\u2019ye atanan din g\u00f6revlileri i\u00e7in d\u00fczenlenen program, \u0130l\u00e7e M\u00fcft\u00fcl\u00fc\u011f\u00fc ev sahipli\u011finde ger\u00e7ekle\u015ftirildi. T\u00f6ren kapsam\u0131nda yeni g\u00f6revlilere c\u00fcbbe ve sar\u0131klar\u0131 takdim edildi. Programda konu\u015fan \u0130l\u00e7e M\u00fcft\u00fcs\u00fc Ali \u00c7ebi, din g\u00f6revlili\u011finin kutsal ve sorumlulu\u011fu b\u00fcy\u00fck bir g\u00f6rev oldu\u011funu belirterek,&#8230;<\/p>\n","protected":false},"author":1,"featured_media":90121,"comment_status":"open","ping_status":"open","sticky":false,"template":"","format":"standard","meta":{"_crdt_document":"","footnotes":""},"categories":[123],"tags":[],"class_list":["post-90120","post","type-post","status-publish","format-standard","has-post-thumbnail","hentry","category-gundem"],"_links":{"self":[{"href":"https:\/\/www.egemtv.com\/index.php?rest_route=\/wp\/v2\/posts\/90120","targetHints":{"allow":["GET"]}}],"collection":[{"href":"https:\/\/www.egemtv.com\/index.php?rest_route=\/wp\/v2\/posts"}],"about":[{"href":"https:\/\/www.egemtv.com\/index.php?rest_route=\/wp\/v2\/types\/post"}],"author":[{"embeddable":true,"href":"https:\/\/www.egemtv.com\/index.php?rest_route=\/wp\/v2\/users\/1"}],"replies":[{"embeddable":true,"href":"https:\/\/www.egemtv.com\/index.php?rest_route=%2Fwp%2Fv2%2Fcomments&post=90120"}],"version-history":[{"count":1,"href":"https:\/\/www.egemtv.com\/index.php?rest_route=\/wp\/v2\/posts\/90120\/revisions"}],"predecessor-version":[{"id":90122,"href":"https:\/\/www.egemtv.com\/index.php?rest_route=\/wp\/v2\/posts\/90120\/revisions\/90122"}],"wp:featuredmedia":[{"embeddable":true,"href":"https:\/\/www.egemtv.com\/index.php?rest_route=\/wp\/v2\/media\/90121"}],"wp:attachment":[{"href":"https:\/\/www.egemtv.com\/index.php?rest_route=%2Fwp%2Fv2%2Fmedia&parent=90120"}],"wp:term":[{"taxonomy":"category","embeddable":true,"href":"https:\/\/www.egemtv.com\/index.php?rest_route=%2Fwp%2Fv2%2Fcategories&post=90120"},{"taxonomy":"post_tag","embeddable":true,"href":"https:\/\/www.egemtv.com\/index.php?rest_route=%2Fwp%2Fv2%2Ftags&post=90120"}],"curies":[{"name":"wp","href":"https:\/\/api.w.org\/{rel}","templated":true}]}}