{"id":90117,"date":"2026-02-24T15:35:32","date_gmt":"2026-02-24T12:35:32","guid":{"rendered":"https:\/\/www.egemtv.com\/?p=90117"},"modified":"2026-02-24T15:35:33","modified_gmt":"2026-02-24T12:35:33","slug":"manisada-dijital-dayanisma-hamlesi","status":"publish","type":"post","link":"https:\/\/www.egemtv.com\/?p=90117","title":{"rendered":"Manisa\u2019da dijital dayan\u0131\u015fma hamlesi"},"content":{"rendered":"<p>Manisa B\u00fcy\u00fck\u015fehir Belediyesi taraf\u0131ndan hayata ge\u00e7irilen \u2019Ask\u0131da \u00f6\u011frenci kart\u0131\u2019 ve \u2019Ask\u0131da fatura\u2019 ile hay\u0131rseverler \u00f6\u011frencilerin e\u011fitim yolculu\u011funa do\u011frudan destek olabilecek.<br \/>\n<br \/>Manisa B\u00fcy\u00fck\u015fehir Belediyesi, sosyal dayan\u0131\u015fmay\u0131 dijital ortama ta\u015f\u0131d\u0131\u011f\u0131 &#8220;Senin \u0130\u00e7in&#8221; platformu kapsam\u0131nda hayata ge\u00e7irdi\u011fi &#8220;Ask\u0131da Fatura&#8221; ve &#8220;Ask\u0131da \u00d6\u011frenci Kart\u0131&#8221; projesiyle ihtiya\u00e7 sahibi \u00f6\u011frencilere umut oluyor. Uygulama sayesinde hay\u0131rsever vatanda\u015flar, \u00f6\u011frencilerin sistemde yer alan faturalar\u0131n\u0131 \u00f6deyerek ya da ula\u015f\u0131m kartlar\u0131na bakiye y\u00fckleyerek e\u011fitim hayatlar\u0131na do\u011frudan katk\u0131 sa\u011flayabilecek.<br \/>\n<br \/>\u2018Alan el, veren eli g\u00f6rmeyecek\u2019 prensibiyle hayata ge\u00e7irilen projede, destek sa\u011flayan ki\u015filer katk\u0131da bulunduklar\u0131 \u00f6\u011frencinin kim oldu\u011funu bilmeyecek; \u00f6\u011frenciler de kendilerine destek olan hay\u0131rseverin kimli\u011fine ula\u015famayacak. Tamamen g\u00fcvenli ve gizlilik esas\u0131na dayal\u0131 olarak kurgulanan sistemle hem yard\u0131mla\u015fman\u0131n manevi de\u011feri korunacak hem de \u00f6\u011frencilerin onuru g\u00f6zetilecek.<br \/>\n<br \/>Proje kapsam\u0131nda \u00f6\u011frenci ula\u015f\u0131m kartlar\u0131na y\u00f6nelik ba\u015fvurular ile MASK\u0130 aboneli\u011fi bulunan \u00f6\u011frencilerin fatura ba\u015fvurular\u0131 sistem \u00fczerinden al\u0131nacak. MANULA\u015e A.\u015e. ve MASK\u0130 Genel M\u00fcd\u00fcrl\u00fc\u011f\u00fc i\u015f birli\u011fiyle y\u00fcr\u00fct\u00fclecek uygulamada, ihtiya\u00e7 sahibi \u00f6\u011frencilerin talepleri ilgili birimler taraf\u0131ndan de\u011ferlendirilecek ve uygun bulunan ba\u015fvurular dijital ortamda hay\u0131rseverlerin eri\u015fimine a\u00e7\u0131lacak.<br \/>\n<br \/>Vatanda\u015flar, seninicin.manisa.bel.tr adresi \u00fczerinden &#8220;Ask\u0131da \u00d6\u011frenci Kart\u0131&#8221; ve &#8220;Ask\u0131da Fatura&#8221; mod\u00fcllerini kullanarak sisteme kolayca ula\u015fabilecek. Destek vermek isteyenler, sistemin y\u00f6nlendirmesiyle listede yer alan bir \u00f6\u011frencinin ula\u015f\u0131m kart\u0131na bakiye y\u00fckleyebilecek ya da uygun bulunan bir faturay\u0131 \u00f6deyerek katk\u0131 sunabilecek. B\u00f6ylece \u00f6\u011frencilerin okula ula\u015f\u0131m masraflar\u0131 kar\u015f\u0131lan\u0131rken, temel ihtiya\u00e7lar\u0131na y\u00f6nelik faturalar\u0131 da \u00f6denmi\u015f olacak.<br \/>\n<br \/>Hay\u0131rseverler sistem \u00fczerinden istedikleri tutar aral\u0131\u011f\u0131n\u0131 belirleyerek otomatik y\u00f6nlendirme alabilecek ya da ba\u015fvurular aras\u0131ndan se\u00e7im yaparak kolayca \u00f6deme ger\u00e7ekle\u015ftirebilecek. \u00d6\u011frenciler ise ba\u015fvurular\u0131n\u0131n durumunu cep telefonu numaralar\u0131 \u00fczerinden takip edebilecek; faturalar\u0131 onayland\u0131\u011f\u0131nda ya da \u00f6deme yap\u0131ld\u0131\u011f\u0131nda SMS ile bilgilendirilecek.<\/p>\n<p>&#8220;E\u011fitime yap\u0131lan her katk\u0131 gelece\u011fe yat\u0131r\u0131md\u0131r&#8221;<br \/>\n<br \/>Manisa B\u00fcy\u00fck\u015fehir Belediye Ba\u015fkan\u0131 Besim Dutlulu, projeye ili\u015fkin yapt\u0131\u011f\u0131 a\u00e7\u0131klamada sosyal belediyecili\u011fi \u00e7a\u011f\u0131n imkanlar\u0131yla bulu\u015fturduklar\u0131n\u0131 belirterek, &#8220;Biz Manisa\u2019da kimsenin kendini yaln\u0131z hissetmedi\u011fi bir \u015fehir in\u015fa ediyoruz. \u2018Alan el, veren eli g\u00f6rmeyecek\u2019 anlay\u0131\u015f\u0131yla hayata ge\u00e7irdi\u011fimiz bu uygulamalar, dayan\u0131\u015fma k\u00fclt\u00fcr\u00fcm\u00fcz\u00fc dijital ortama ta\u015f\u0131yan \u00f6nemli bir ad\u0131md\u0131r. Gen\u00e7lerimizin e\u011fitim yolculu\u011funda kar\u015f\u0131la\u015ft\u0131klar\u0131 ekonomik zorluklar\u0131 hafifletmek, onlar\u0131n umutlar\u0131n\u0131 ve motivasyonlar\u0131n\u0131 g\u00fc\u00e7lendirmek en b\u00fcy\u00fck sorumlulu\u011fumuzdur. E\u011fitime yap\u0131lan her katk\u0131, \u015fehrimizin gelece\u011fine yap\u0131lan en k\u0131ymetli yat\u0131r\u0131md\u0131r&#8221; ifadelerini kulland\u0131.<br \/>\n<br \/>Uygulaman\u0131n, yaln\u0131zca maddi bir destek mekanizmas\u0131 olman\u0131n \u00f6tesinde gen\u00e7lerin kendilerini yaln\u0131z hissetmemelerini sa\u011flayan g\u00fc\u00e7l\u00fc bir dayan\u0131\u015fma k\u00f6pr\u00fcs\u00fc olmas\u0131 hedefleniyor.<br \/><\/p>\n","protected":false},"excerpt":{"rendered":"<p>Manisa B\u00fcy\u00fck\u015fehir Belediyesi taraf\u0131ndan hayata ge\u00e7irilen \u2019Ask\u0131da \u00f6\u011frenci kart\u0131\u2019 ve \u2019Ask\u0131da fatura\u2019 ile hay\u0131rseverler \u00f6\u011frencilerin e\u011fitim yolculu\u011funa do\u011frudan destek olabilecek. Manisa B\u00fcy\u00fck\u015fehir Belediyesi, sosyal dayan\u0131\u015fmay\u0131 dijital ortama ta\u015f\u0131d\u0131\u011f\u0131 &#8220;Senin \u0130\u00e7in&#8221; platformu kapsam\u0131nda hayata ge\u00e7irdi\u011fi &#8220;Ask\u0131da Fatura&#8221; ve &#8220;Ask\u0131da \u00d6\u011frenci Kart\u0131&#8221; projesiyle ihtiya\u00e7 sahibi \u00f6\u011frencilere umut oluyor. Uygulama sayesinde hay\u0131rsever vatanda\u015flar, \u00f6\u011frencilerin sistemde yer alan faturalar\u0131n\u0131&#8230;<\/p>\n","protected":false},"author":1,"featured_media":90118,"comment_status":"open","ping_status":"open","sticky":false,"template":"","format":"standard","meta":{"_crdt_document":"","footnotes":""},"categories":[125],"tags":[],"class_list":["post-90117","post","type-post","status-publish","format-standard","has-post-thumbnail","hentry","category-ekonomi"],"_links":{"self":[{"href":"https:\/\/www.egemtv.com\/index.php?rest_route=\/wp\/v2\/posts\/90117","targetHints":{"allow":["GET"]}}],"collection":[{"href":"https:\/\/www.egemtv.com\/index.php?rest_route=\/wp\/v2\/posts"}],"about":[{"href":"https:\/\/www.egemtv.com\/index.php?rest_route=\/wp\/v2\/types\/post"}],"author":[{"embeddable":true,"href":"https:\/\/www.egemtv.com\/index.php?rest_route=\/wp\/v2\/users\/1"}],"replies":[{"embeddable":true,"href":"https:\/\/www.egemtv.com\/index.php?rest_route=%2Fwp%2Fv2%2Fcomments&post=90117"}],"version-history":[{"count":1,"href":"https:\/\/www.egemtv.com\/index.php?rest_route=\/wp\/v2\/posts\/90117\/revisions"}],"predecessor-version":[{"id":90119,"href":"https:\/\/www.egemtv.com\/index.php?rest_route=\/wp\/v2\/posts\/90117\/revisions\/90119"}],"wp:featuredmedia":[{"embeddable":true,"href":"https:\/\/www.egemtv.com\/index.php?rest_route=\/wp\/v2\/media\/90118"}],"wp:attachment":[{"href":"https:\/\/www.egemtv.com\/index.php?rest_route=%2Fwp%2Fv2%2Fmedia&parent=90117"}],"wp:term":[{"taxonomy":"category","embeddable":true,"href":"https:\/\/www.egemtv.com\/index.php?rest_route=%2Fwp%2Fv2%2Fcategories&post=90117"},{"taxonomy":"post_tag","embeddable":true,"href":"https:\/\/www.egemtv.com\/index.php?rest_route=%2Fwp%2Fv2%2Ftags&post=90117"}],"curies":[{"name":"wp","href":"https:\/\/api.w.org\/{rel}","templated":true}]}}