{"id":90114,"date":"2026-02-24T15:15:04","date_gmt":"2026-02-24T12:15:04","guid":{"rendered":"https:\/\/www.egemtv.com\/?p=90114"},"modified":"2026-02-24T15:15:05","modified_gmt":"2026-02-24T12:15:05","slug":"aydinda-2-doktor-aciga-alindi","status":"publish","type":"post","link":"https:\/\/www.egemtv.com\/?p=90114","title":{"rendered":"Ayd\u0131n\u2019da 2 doktor a\u00e7\u0131\u011fa al\u0131nd\u0131"},"content":{"rendered":"<p>Ayd\u0131n\u2019\u0131n Efeler il\u00e7esinde g\u00f6rev yapan bir kad\u0131n aile hekiminin sa\u011fl\u0131k hizmeti vermesinin engellendi\u011fi iddias\u0131yla y\u00fcr\u00fct\u00fclen soru\u015fturma kapsam\u0131nda 2 doktor a\u00e7\u0131\u011fa al\u0131nd\u0131.<br \/>\n<br \/>Edinilen bilgiye g\u00f6re; Efeler il\u00e7esi Mimar Sinan Mahallesi\u2019nde bulunan 26 No\u2019lu Aile Sa\u011fl\u0131\u011f\u0131 Merkezi\u2019nde g\u00f6rev yapan Eralp Atay ve Mesut Amanak\u2019\u0131n yan\u0131na, hasta yo\u011funlu\u011funu azaltmak amac\u0131yla Sa\u011fl\u0131k Bakanl\u0131\u011f\u0131 taraf\u0131ndan Alnur Karak\u00f6se g\u00f6revlendirildi.<br \/>\n<br \/>\u0130ddiaya g\u00f6re iki doktor, yeni g\u00f6reve ba\u015flayan kad\u0131n aile hekimine mobbing uygulad\u0131. Kad\u0131n doktorun g\u00f6rev yapt\u0131\u011f\u0131 odan\u0131n elektrik ve internet ba\u011flant\u0131s\u0131n\u0131n kesildi\u011fi, tuvalet kap\u0131lar\u0131n\u0131n kilitlendi\u011fi ve kan alma odas\u0131n\u0131n kulland\u0131r\u0131lmad\u0131\u011f\u0131 \u00f6ne s\u00fcr\u00fcld\u00fc. Bu nedenle yakla\u015f\u0131k bin 400 hastaya sa\u011fl\u0131k hizmeti verilmesi engellendi. Ya\u015fanan geli\u015fmeler haber olunca olay Ayd\u0131n\u2019da g\u00fcndem oldu.<br \/>\n<br \/>Olay\u0131n ard\u0131ndan s\u00fcrece Ayd\u0131n Valili\u011fi ile Ayd\u0131n \u0130l Sa\u011fl\u0131k M\u00fcd\u00fcrl\u00fc\u011f\u00fc m\u00fcdahil oldu. Taraflar aras\u0131nda uzla\u015fma sa\u011flanamazken, kad\u0131n doktorun e\u011fitimde oldu\u011fu g\u00fcn hastalara hizmet verilmedi\u011finin tespit edilmesi \u00fczerine iki doktor hakk\u0131nda idari i\u015flem ba\u015flat\u0131ld\u0131.<br \/>\n<br \/>Yap\u0131lan incelemeler sonucunda Doktor Eralp Atay ve Doktor Mesut Amanak\u2019\u0131n Ayd\u0131n Valili\u011fi karar\u0131yla a\u00e7\u0131\u011fa al\u0131nd\u0131\u011f\u0131 \u00f6\u011frenildi.<br \/><\/p>\n","protected":false},"excerpt":{"rendered":"<p>Ayd\u0131n\u2019\u0131n Efeler il\u00e7esinde g\u00f6rev yapan bir kad\u0131n aile hekiminin sa\u011fl\u0131k hizmeti vermesinin engellendi\u011fi iddias\u0131yla y\u00fcr\u00fct\u00fclen soru\u015fturma kapsam\u0131nda 2 doktor a\u00e7\u0131\u011fa al\u0131nd\u0131. Edinilen bilgiye g\u00f6re; Efeler il\u00e7esi Mimar Sinan Mahallesi\u2019nde bulunan 26 No\u2019lu Aile Sa\u011fl\u0131\u011f\u0131 Merkezi\u2019nde g\u00f6rev yapan Eralp Atay ve Mesut Amanak\u2019\u0131n yan\u0131na, hasta yo\u011funlu\u011funu azaltmak amac\u0131yla Sa\u011fl\u0131k Bakanl\u0131\u011f\u0131 taraf\u0131ndan Alnur Karak\u00f6se g\u00f6revlendirildi. \u0130ddiaya g\u00f6re&#8230;<\/p>\n","protected":false},"author":1,"featured_media":90115,"comment_status":"open","ping_status":"open","sticky":false,"template":"","format":"standard","meta":{"_crdt_document":"","footnotes":""},"categories":[5],"tags":[],"class_list":["post-90114","post","type-post","status-publish","format-standard","has-post-thumbnail","hentry","category-asayis"],"_links":{"self":[{"href":"https:\/\/www.egemtv.com\/index.php?rest_route=\/wp\/v2\/posts\/90114","targetHints":{"allow":["GET"]}}],"collection":[{"href":"https:\/\/www.egemtv.com\/index.php?rest_route=\/wp\/v2\/posts"}],"about":[{"href":"https:\/\/www.egemtv.com\/index.php?rest_route=\/wp\/v2\/types\/post"}],"author":[{"embeddable":true,"href":"https:\/\/www.egemtv.com\/index.php?rest_route=\/wp\/v2\/users\/1"}],"replies":[{"embeddable":true,"href":"https:\/\/www.egemtv.com\/index.php?rest_route=%2Fwp%2Fv2%2Fcomments&post=90114"}],"version-history":[{"count":1,"href":"https:\/\/www.egemtv.com\/index.php?rest_route=\/wp\/v2\/posts\/90114\/revisions"}],"predecessor-version":[{"id":90116,"href":"https:\/\/www.egemtv.com\/index.php?rest_route=\/wp\/v2\/posts\/90114\/revisions\/90116"}],"wp:featuredmedia":[{"embeddable":true,"href":"https:\/\/www.egemtv.com\/index.php?rest_route=\/wp\/v2\/media\/90115"}],"wp:attachment":[{"href":"https:\/\/www.egemtv.com\/index.php?rest_route=%2Fwp%2Fv2%2Fmedia&parent=90114"}],"wp:term":[{"taxonomy":"category","embeddable":true,"href":"https:\/\/www.egemtv.com\/index.php?rest_route=%2Fwp%2Fv2%2Fcategories&post=90114"},{"taxonomy":"post_tag","embeddable":true,"href":"https:\/\/www.egemtv.com\/index.php?rest_route=%2Fwp%2Fv2%2Ftags&post=90114"}],"curies":[{"name":"wp","href":"https:\/\/api.w.org\/{rel}","templated":true}]}}