{"id":90111,"date":"2026-02-24T14:54:53","date_gmt":"2026-02-24T11:54:53","guid":{"rendered":"https:\/\/www.egemtv.com\/?p=90111"},"modified":"2026-02-24T14:54:55","modified_gmt":"2026-02-24T11:54:55","slug":"nazillide-6-yil-8-ay-hapis-cezasi-bulunan-hukumlu-yakalandi","status":"publish","type":"post","link":"https:\/\/www.egemtv.com\/?p=90111","title":{"rendered":"Nazilli\u2019de 6 y\u0131l 8 ay hapis cezas\u0131 bulunan h\u00fck\u00fcml\u00fc yakaland\u0131"},"content":{"rendered":"<p>Ayd\u0131n\u2019\u0131n Nazilli il\u00e7esinde hakk\u0131nda 6 y\u0131l 8 ay hapis cezas\u0131 bulunan h\u00fck\u00fcml\u00fc jandarma taraf\u0131ndan yakaland\u0131.<br \/>\n<br \/>Ayd\u0131n \u0130l Jandarma Komutanl\u0131\u011f\u0131 Nazilli \u0130l\u00e7e Jandarma Komutanl\u0131\u011f\u0131 taraf\u0131ndan, aranan \u015fah\u0131slar\u0131n yakalanmas\u0131na y\u00f6nelik \u00e7al\u0131\u015fmalar devam ediyor. Bozyurt Mahallesi\u2019nde ger\u00e7ekle\u015ftirilen faaliyette, hakk\u0131nda 6 y\u0131l 8 ay kesinle\u015fmi\u015f hapis cezas\u0131 bulunan A.T. (18) yakaland\u0131. Yakalanan h\u00fck\u00fcml\u00fc, sevk edildi\u011fi adli makamlarca i\u015flemlerinin tamamlanmas\u0131n\u0131n ard\u0131ndan Kapal\u0131 Ceza \u0130nfaz Kurumu\u2019na teslim edildi.<br \/><\/p>\n","protected":false},"excerpt":{"rendered":"<p>Ayd\u0131n\u2019\u0131n Nazilli il\u00e7esinde hakk\u0131nda 6 y\u0131l 8 ay hapis cezas\u0131 bulunan h\u00fck\u00fcml\u00fc jandarma taraf\u0131ndan yakaland\u0131. Ayd\u0131n \u0130l Jandarma Komutanl\u0131\u011f\u0131 Nazilli \u0130l\u00e7e Jandarma Komutanl\u0131\u011f\u0131 taraf\u0131ndan, aranan \u015fah\u0131slar\u0131n yakalanmas\u0131na y\u00f6nelik \u00e7al\u0131\u015fmalar devam ediyor. Bozyurt Mahallesi\u2019nde ger\u00e7ekle\u015ftirilen faaliyette, hakk\u0131nda 6 y\u0131l 8 ay kesinle\u015fmi\u015f hapis cezas\u0131 bulunan A.T. (18) yakaland\u0131. Yakalanan h\u00fck\u00fcml\u00fc, sevk edildi\u011fi adli makamlarca i\u015flemlerinin tamamlanmas\u0131n\u0131n&#8230;<\/p>\n","protected":false},"author":1,"featured_media":90112,"comment_status":"open","ping_status":"open","sticky":false,"template":"","format":"standard","meta":{"_crdt_document":"","footnotes":""},"categories":[5],"tags":[],"class_list":["post-90111","post","type-post","status-publish","format-standard","has-post-thumbnail","hentry","category-asayis"],"_links":{"self":[{"href":"https:\/\/www.egemtv.com\/index.php?rest_route=\/wp\/v2\/posts\/90111","targetHints":{"allow":["GET"]}}],"collection":[{"href":"https:\/\/www.egemtv.com\/index.php?rest_route=\/wp\/v2\/posts"}],"about":[{"href":"https:\/\/www.egemtv.com\/index.php?rest_route=\/wp\/v2\/types\/post"}],"author":[{"embeddable":true,"href":"https:\/\/www.egemtv.com\/index.php?rest_route=\/wp\/v2\/users\/1"}],"replies":[{"embeddable":true,"href":"https:\/\/www.egemtv.com\/index.php?rest_route=%2Fwp%2Fv2%2Fcomments&post=90111"}],"version-history":[{"count":1,"href":"https:\/\/www.egemtv.com\/index.php?rest_route=\/wp\/v2\/posts\/90111\/revisions"}],"predecessor-version":[{"id":90113,"href":"https:\/\/www.egemtv.com\/index.php?rest_route=\/wp\/v2\/posts\/90111\/revisions\/90113"}],"wp:featuredmedia":[{"embeddable":true,"href":"https:\/\/www.egemtv.com\/index.php?rest_route=\/wp\/v2\/media\/90112"}],"wp:attachment":[{"href":"https:\/\/www.egemtv.com\/index.php?rest_route=%2Fwp%2Fv2%2Fmedia&parent=90111"}],"wp:term":[{"taxonomy":"category","embeddable":true,"href":"https:\/\/www.egemtv.com\/index.php?rest_route=%2Fwp%2Fv2%2Fcategories&post=90111"},{"taxonomy":"post_tag","embeddable":true,"href":"https:\/\/www.egemtv.com\/index.php?rest_route=%2Fwp%2Fv2%2Ftags&post=90111"}],"curies":[{"name":"wp","href":"https:\/\/api.w.org\/{rel}","templated":true}]}}