{"id":90108,"date":"2026-02-24T14:54:52","date_gmt":"2026-02-24T11:54:52","guid":{"rendered":"https:\/\/www.egemtv.com\/?p=90108"},"modified":"2026-02-24T14:54:53","modified_gmt":"2026-02-24T11:54:53","slug":"usakta-382-teneke-karisimli-zeytinyagi-ele-gecirildi","status":"publish","type":"post","link":"https:\/\/www.egemtv.com\/?p=90108","title":{"rendered":"U\u015fak\u2019ta 382 teneke kar\u0131\u015f\u0131ml\u0131 zeytinya\u011f\u0131 ele ge\u00e7irildi"},"content":{"rendered":"<p>U\u015fak\u2019ta polis ekiplerince d\u00fczenlenen operasyonda 382 teneke kar\u0131\u015f\u0131ml\u0131 zeytinya\u011f\u0131 ele ge\u00e7irilirken, 1 ki\u015fi hakk\u0131nda adli i\u015flem ba\u015flat\u0131ld\u0131.<br \/>\n<br \/>U\u015fak \u0130l Emniyet M\u00fcd\u00fcrl\u00fc\u011f\u00fc Ka\u00e7ak\u00e7\u0131l\u0131k ve Organize Su\u00e7larla M\u00fccadele (KOM) \u015eube M\u00fcd\u00fcrl\u00fc\u011f\u00fc ekipleri, elde edilen bilgiler do\u011frultusunda kentte bir i\u015f yeri ve depoya operasyon d\u00fczenledi.<br \/>\n<br \/>\u0130\u015f yeri ve depoda yap\u0131lan aramalarda, 382 teneke i\u00e7erisinde toplam 1.370 litre kar\u0131\u015f\u0131ml\u0131 zeytinya\u011f\u0131 ele ge\u00e7irildi.<br \/>\n<br \/>Operasyon kapsam\u0131nda yakalanan E.\u00c7. hakk\u0131nda, T\u00fcrk Ceza Kanunu\u2019nun 186. maddesi kapsam\u0131nda &#8220;Bozulmu\u015f veya De\u011fi\u015ftirilmi\u015f G\u0131da veya \u0130la\u00e7lar\u0131n Ticareti&#8221; su\u00e7u \u00e7er\u00e7evesinde adli i\u015flem ba\u015flat\u0131ld\u0131\u011f\u0131 \u00f6\u011frenildi.<br \/><\/p>\n","protected":false},"excerpt":{"rendered":"<p>U\u015fak\u2019ta polis ekiplerince d\u00fczenlenen operasyonda 382 teneke kar\u0131\u015f\u0131ml\u0131 zeytinya\u011f\u0131 ele ge\u00e7irilirken, 1 ki\u015fi hakk\u0131nda adli i\u015flem ba\u015flat\u0131ld\u0131. U\u015fak \u0130l Emniyet M\u00fcd\u00fcrl\u00fc\u011f\u00fc Ka\u00e7ak\u00e7\u0131l\u0131k ve Organize Su\u00e7larla M\u00fccadele (KOM) \u015eube M\u00fcd\u00fcrl\u00fc\u011f\u00fc ekipleri, elde edilen bilgiler do\u011frultusunda kentte bir i\u015f yeri ve depoya operasyon d\u00fczenledi. \u0130\u015f yeri ve depoda yap\u0131lan aramalarda, 382 teneke i\u00e7erisinde toplam 1.370 litre kar\u0131\u015f\u0131ml\u0131&#8230;<\/p>\n","protected":false},"author":1,"featured_media":90109,"comment_status":"open","ping_status":"open","sticky":false,"template":"","format":"standard","meta":{"_crdt_document":"","footnotes":""},"categories":[5],"tags":[],"class_list":["post-90108","post","type-post","status-publish","format-standard","has-post-thumbnail","hentry","category-asayis"],"_links":{"self":[{"href":"https:\/\/www.egemtv.com\/index.php?rest_route=\/wp\/v2\/posts\/90108","targetHints":{"allow":["GET"]}}],"collection":[{"href":"https:\/\/www.egemtv.com\/index.php?rest_route=\/wp\/v2\/posts"}],"about":[{"href":"https:\/\/www.egemtv.com\/index.php?rest_route=\/wp\/v2\/types\/post"}],"author":[{"embeddable":true,"href":"https:\/\/www.egemtv.com\/index.php?rest_route=\/wp\/v2\/users\/1"}],"replies":[{"embeddable":true,"href":"https:\/\/www.egemtv.com\/index.php?rest_route=%2Fwp%2Fv2%2Fcomments&post=90108"}],"version-history":[{"count":1,"href":"https:\/\/www.egemtv.com\/index.php?rest_route=\/wp\/v2\/posts\/90108\/revisions"}],"predecessor-version":[{"id":90110,"href":"https:\/\/www.egemtv.com\/index.php?rest_route=\/wp\/v2\/posts\/90108\/revisions\/90110"}],"wp:featuredmedia":[{"embeddable":true,"href":"https:\/\/www.egemtv.com\/index.php?rest_route=\/wp\/v2\/media\/90109"}],"wp:attachment":[{"href":"https:\/\/www.egemtv.com\/index.php?rest_route=%2Fwp%2Fv2%2Fmedia&parent=90108"}],"wp:term":[{"taxonomy":"category","embeddable":true,"href":"https:\/\/www.egemtv.com\/index.php?rest_route=%2Fwp%2Fv2%2Fcategories&post=90108"},{"taxonomy":"post_tag","embeddable":true,"href":"https:\/\/www.egemtv.com\/index.php?rest_route=%2Fwp%2Fv2%2Ftags&post=90108"}],"curies":[{"name":"wp","href":"https:\/\/api.w.org\/{rel}","templated":true}]}}