{"id":90102,"date":"2026-02-24T14:54:49","date_gmt":"2026-02-24T11:54:49","guid":{"rendered":"https:\/\/www.egemtv.com\/?p=90102"},"modified":"2026-02-24T14:54:50","modified_gmt":"2026-02-24T11:54:50","slug":"aydin-buyuksehir-yol-calismalarina-devam-ediyor","status":"publish","type":"post","link":"https:\/\/www.egemtv.com\/?p=90102","title":{"rendered":"Ayd\u0131n B\u00fcy\u00fck\u015fehir, yol \u00e7al\u0131\u015fmalar\u0131na devam ediyor"},"content":{"rendered":"<p>Ayd\u0131n B\u00fcy\u00fck\u015fehir Belediyesi Fen \u0130\u015fleri Dairesi Ba\u015fkanl\u0131\u011f\u0131, kent genelinde yol yap\u0131m, bak\u0131m, onar\u0131m ve d\u00fczenleme \u00e7al\u0131\u015fmalar\u0131n\u0131 s\u00fcrd\u00fcr\u00fcyor. Ekipler, Ayd\u0131n\u2019\u0131n d\u00f6rt bir yan\u0131nda e\u015f zamanl\u0131 olarak y\u00fcr\u00fct\u00fclen \u00e7al\u0131\u015fmalarla ula\u015f\u0131m altyap\u0131s\u0131n\u0131 g\u00fc\u00e7lendiriyor.<br \/>\n<br \/>\u00c7al\u0131\u015fmalar kapsam\u0131nda g\u00fcncel olarak; Efeler il\u00e7esinde Kardelen Caddesi, Fidanl\u0131k Caddesi, Vak\u0131f Caddesi, A1 kanal yolu, Do\u011fu \u00c7evre Bulvar\u0131 ve Turgut \u00d6zal Bulvar\u0131, Sultanhisar il\u00e7esinde At\u00e7a Sebze Hali, Malga\u00e7emir ve At\u00e7a Mahalleleri, S\u00f6ke il\u00e7esinde A\u011fa\u00e7l\u0131, Yama\u00e7, Sar\u0131kemer ve Av\u015far Mahalleleri, Nazilli il\u00e7esinde Be\u015f Eyl\u00fcl Caddesi, Dereba\u015f\u0131, Ba\u011fc\u0131ll\u0131, Demirciler, A\u015fa\u011f\u0131 Yakac\u0131k Mahalleleri ile muhtelif noktalarda, Karpuzlu il\u00e7esinde Ulukonak ve Umcular Mahalleleri, K\u00f6\u015fk il\u00e7esinde Yavuzk\u00f6y ve Ba\u015f\u00e7ay\u0131r Mahalleleri, Yenipazar il\u00e7esinde Direcik ve Kara\u00e7akal Mahalleleri, Germencik il\u00e7esinde Turanlar, \u00c7ar\u0131klar, Bozk\u00f6y ve \u00c7amk\u00f6y Mahalleleri, \u0130ncirliova il\u00e7esinde Acarlar ve Sand\u0131kl\u0131 Mahalleleri ile muhtelif noktalarda,  Ku\u015fadas\u0131 il\u00e7esinde Kirazl\u0131 ve Yaylak\u00f6y Mahalleleri ile muhtelif noktalarda, Didim il\u00e7esinde \u0130n\u00f6n\u00fc Bulvar\u0131, Akb\u00fck Mahallesi ve muhtelif noktalarda, \u00c7ine il\u00e7esinde G\u00f6kyaka Mahallesi, Karacasu il\u00e7esinde Nargedik Mahallesi, Ko\u00e7arl\u0131 il\u00e7esinde \u00c7akmar Mahallesi, Kuyucak il\u00e7esinde Ovac\u0131k, Kayran, Derek\u00f6y, Ta\u015foluk ve \u0130\u011fdecik Mahalleleri ile Bozdo\u011fan il\u00e7esi G\u00fcney Mahallesi\u2019nde Fen \u0130\u015fleri ekiplerinin \u00e7al\u0131\u015fmalar\u0131 e\u015f zamanl\u0131 olarak devam ediyor.<br \/>\n<br \/>Y\u00fcr\u00fct\u00fclen \u00e7al\u0131\u015fmalar kapsam\u0131nda yol y\u00fczeyleri yenilenirken, trafik g\u00fcvenli\u011finin artt\u0131r\u0131lmas\u0131na y\u00f6nelik uygulamalar ger\u00e7ekle\u015ftiriliyor.<br \/>\n<br \/>Ayd\u0131n B\u00fcy\u00fck\u015fehir Belediye Ba\u015fkan\u0131 \u00d6zlem \u00c7er\u00e7io\u011flu, kent genelinde \u00e7al\u0131\u015fmalar\u0131n devam etti\u011fini belirterek, &#8220;Fen \u0130\u015fleri Dairesi Ba\u015fkanl\u0131\u011f\u0131 ekiplerimiz kentimizin d\u00f6rt bir yan\u0131nda \u00e7al\u0131\u015fmalar\u0131na devam ediyor. E\u015f zamanl\u0131 olarak ger\u00e7ekle\u015ftirilen \u00e7al\u0131\u015fmalar\u0131m\u0131z ile Ayd\u0131n\u0131m\u0131z\u0131n ula\u015f\u0131m altyap\u0131s\u0131n\u0131 g\u00fc\u00e7lendiriyor, hem\u015fehrilerimizi hizmetlerimiz ile bulu\u015fturuyoruz. \u00c7al\u0131\u015fmalar\u0131m\u0131za devam edece\u011fiz&#8221; ifadelerini kulland\u0131.<br \/><\/p>\n","protected":false},"excerpt":{"rendered":"<p>Ayd\u0131n B\u00fcy\u00fck\u015fehir Belediyesi Fen \u0130\u015fleri Dairesi Ba\u015fkanl\u0131\u011f\u0131, kent genelinde yol yap\u0131m, bak\u0131m, onar\u0131m ve d\u00fczenleme \u00e7al\u0131\u015fmalar\u0131n\u0131 s\u00fcrd\u00fcr\u00fcyor. Ekipler, Ayd\u0131n\u2019\u0131n d\u00f6rt bir yan\u0131nda e\u015f zamanl\u0131 olarak y\u00fcr\u00fct\u00fclen \u00e7al\u0131\u015fmalarla ula\u015f\u0131m altyap\u0131s\u0131n\u0131 g\u00fc\u00e7lendiriyor. \u00c7al\u0131\u015fmalar kapsam\u0131nda g\u00fcncel olarak; Efeler il\u00e7esinde Kardelen Caddesi, Fidanl\u0131k Caddesi, Vak\u0131f Caddesi, A1 kanal yolu, Do\u011fu \u00c7evre Bulvar\u0131 ve Turgut \u00d6zal Bulvar\u0131, Sultanhisar il\u00e7esinde At\u00e7a&#8230;<\/p>\n","protected":false},"author":1,"featured_media":90103,"comment_status":"open","ping_status":"open","sticky":false,"template":"","format":"standard","meta":{"_crdt_document":"","footnotes":""},"categories":[1],"tags":[],"class_list":["post-90102","post","type-post","status-publish","format-standard","has-post-thumbnail","hentry","category-guncel"],"_links":{"self":[{"href":"https:\/\/www.egemtv.com\/index.php?rest_route=\/wp\/v2\/posts\/90102","targetHints":{"allow":["GET"]}}],"collection":[{"href":"https:\/\/www.egemtv.com\/index.php?rest_route=\/wp\/v2\/posts"}],"about":[{"href":"https:\/\/www.egemtv.com\/index.php?rest_route=\/wp\/v2\/types\/post"}],"author":[{"embeddable":true,"href":"https:\/\/www.egemtv.com\/index.php?rest_route=\/wp\/v2\/users\/1"}],"replies":[{"embeddable":true,"href":"https:\/\/www.egemtv.com\/index.php?rest_route=%2Fwp%2Fv2%2Fcomments&post=90102"}],"version-history":[{"count":1,"href":"https:\/\/www.egemtv.com\/index.php?rest_route=\/wp\/v2\/posts\/90102\/revisions"}],"predecessor-version":[{"id":90104,"href":"https:\/\/www.egemtv.com\/index.php?rest_route=\/wp\/v2\/posts\/90102\/revisions\/90104"}],"wp:featuredmedia":[{"embeddable":true,"href":"https:\/\/www.egemtv.com\/index.php?rest_route=\/wp\/v2\/media\/90103"}],"wp:attachment":[{"href":"https:\/\/www.egemtv.com\/index.php?rest_route=%2Fwp%2Fv2%2Fmedia&parent=90102"}],"wp:term":[{"taxonomy":"category","embeddable":true,"href":"https:\/\/www.egemtv.com\/index.php?rest_route=%2Fwp%2Fv2%2Fcategories&post=90102"},{"taxonomy":"post_tag","embeddable":true,"href":"https:\/\/www.egemtv.com\/index.php?rest_route=%2Fwp%2Fv2%2Ftags&post=90102"}],"curies":[{"name":"wp","href":"https:\/\/api.w.org\/{rel}","templated":true}]}}