{"id":90099,"date":"2026-02-24T14:34:41","date_gmt":"2026-02-24T11:34:41","guid":{"rendered":"https:\/\/www.egemtv.com\/?p=90099"},"modified":"2026-02-24T14:34:42","modified_gmt":"2026-02-24T11:34:42","slug":"usakta-yuzyilin-konut-projesinin-kuralari-cekildi","status":"publish","type":"post","link":"https:\/\/www.egemtv.com\/?p=90099","title":{"rendered":"U\u015fak\u2019ta \u2019Y\u00fczy\u0131l\u0131n Konut Projesi\u2019nin kuralar\u0131 \u00e7ekildi"},"content":{"rendered":"<p>Toplu Konut \u0130daresi (TOK\u0130) Ba\u015fkanl\u0131\u011f\u0131 taraf\u0131ndan 81 ilde y\u00fcr\u00fct\u00fclen \u2019Y\u00fczy\u0131l\u0131n Konut Projesi\u2019 kapsam\u0131nda U\u015fak\u2019ta 2 bin 558 konut i\u00e7in d\u00fczenlenen kura \u00e7ekili\u015fi ile hak sahipleri belirlendi.<br \/>\n<br \/>T\u00fcrkiye genelinde hayata ge\u00e7irilen \u2019Y\u00fczy\u0131l\u0131n Konut Projesi\u2019 kapsam\u0131nda U\u015fak\u2019ta yap\u0131lacak 2 bin 558 konut i\u00e7in U\u015fak \u00dcniversitesi 1 Eyl\u00fcl Kamp\u00fcs\u00fc i\u00e7eresinde yer alan Recep Tayyip Erdo\u011fan Kongre Merkezi\u2019nde noter huzurunda kura \u00e7ekimi ger\u00e7ekle\u015ftirildi. Toplam 20 bin 400 ba\u015fvurunun yap\u0131ld\u0131\u011f\u0131 projede, 2 bin 558 konutun hak sahipleri kurayla belirlendi.<br \/>\n<br \/>U\u015fak Valisi Naci Akta\u015f, konutlar\u0131n depreme dayan\u0131kl\u0131l\u0131\u011f\u0131 ve sosyal donat\u0131 alanlar\u0131yla g\u00fc\u00e7lendirilmi\u015f yeni ya\u015fam alanlar\u0131 olu\u015fturaca\u011f\u0131n\u0131 vurgulayarak; &#8220;Depreme dayan\u0131kl\u0131, \u00e7evreye duyarl\u0131 ve sosyal donat\u0131 alanlar\u0131yla g\u00fc\u00e7lendirilmi\u015f bu konutlar, kom\u015fulu\u011fun, dayan\u0131\u015fman\u0131n ve g\u00fcvenli ya\u015fam\u0131n hayat bulaca\u011f\u0131 yeni ya\u015fam alanlar\u0131 olu\u015fturacak, ayn\u0131 zamanda ilimizin konut ihtiyac\u0131n\u0131n kar\u015f\u0131lanmas\u0131na \u00f6nemli \u00f6l\u00e7\u00fcde katk\u0131 sa\u011flayacakt\u0131r.&#8221; dedi.<br \/>\n<br \/>TOK\u0130\u2019nin \u00fcretim g\u00fcc\u00fc ve hayata ge\u00e7irilen b\u00fcy\u00fck \u00f6l\u00e7ekli sosyal konut projelerini vurgulayan TOK\u0130 Ba\u015fkan Yard\u0131mc\u0131s\u0131 Dursun Ba\u015ft\u00fcrk; &#8220;Deprem b\u00f6lgesinde yeni \u015fehir alanlar\u0131 kurduk. Tarihin en b\u00fcy\u00fck kentsel d\u00f6n\u00fc\u015f\u00fcm projelerini ba\u015flatt\u0131k. \u015eehirlerimize bah\u00e7e k\u00fclt\u00fcr\u00fcn\u00fc ihya edecek, y\u00fczlerce millet bah\u00e7esi kazand\u0131rd\u0131k. 2019 y\u0131l\u0131nda 50 bin, 2020 y\u0131l\u0131nda 100 bin, 2022 y\u0131l\u0131nda 250 bin haneyi kapsayan 3 ayr\u0131 sosyal konut projesini hayata ge\u00e7irdik. TOK\u0130\u2019nin \u00fcretim g\u00fcc\u00fc ile vatanda\u015flar\u0131m\u0131z\u0131n talep ve beklentilerini ayn\u0131 yerde bulu\u015fturarak milyonlarca vatanda\u015f\u0131m\u0131z\u0131 ilgilendiren 1 milyon 750 bin konut rakam\u0131na ula\u015ft\u0131k. E\u011fitimden sa\u011fl\u0131\u011fa, spordan \u00f6\u011frenci yurtlar\u0131na, ibadethanelerden millet bah\u00e7elerine kadar yakla\u015f\u0131k 66 bin 850 sosyal donat\u0131 \u00fcrettik. Esnaf\u0131m\u0131za i\u015fyerleri, kamu kurumlar\u0131m\u0131za binalar in\u015fa ettik. Yatay \u015fehircilik anlay\u0131\u015f\u0131n\u0131 esas alan projeleri \u015fehirlerimize yayd\u0131k. Yepyeni ya\u015fam alanlar\u0131 olu\u015fturduk.&#8221; dedi.<br \/>\n<br \/>Deprem sonras\u0131 yeniden in\u015fa \u00e7al\u0131\u015fmalar\u0131 ile U\u015fak\u2019a yap\u0131lan yat\u0131r\u0131mlar\u0131n b\u00fcy\u00fckl\u00fc\u011f\u00fcn\u00fc vurgulayan Ba\u015ft\u00fcrk; &#8220;Bu projelerle \u00fclkemizde bir taraftan sa\u011fl\u0131kl\u0131, g\u00fcvenli ve \u00e7a\u011fda\u015f ya\u015fam\u0131n t\u00fcm gereklerini kar\u015f\u0131layan konutlar \u00fcretirken, di\u011fer taraftan depremin meydana getirdi\u011fi \u015fehirlerin yeniden in\u015fas\u0131 konusunda etkin \u00e7al\u0131\u015fmalar y\u00fcr\u00fctt\u00fck. Bu kapsamda U\u015fak ilimize g\u00fcncel rakamla 28,7 milyar liral\u0131k yat\u0131r\u0131mla 6 bin 320 konut, bin 39 d\u00fckkan, 6 cami ba\u015fta olmak \u00fczere e\u011fitimden sa\u011fl\u0131\u011fa \u00e7ok say\u0131da donat\u0131 kazand\u0131rd\u0131k. Bug\u00fcn itibariyle \u00fclke \u00e7ap\u0131nda bin 633 \u015fantiyemizde 430 bin konut ve di\u011fer sosyal donat\u0131lar\u0131n in\u015faat\u0131 ile y\u00fczbinlerce konutun proje ve tasar\u0131m \u00e7al\u0131\u015fmalar\u0131 devam etmektedir.&#8221; dedi.<br \/>\n<br \/>Projenin sosyal konut hamlesi olarak tarihi bir ad\u0131m oldu\u011funu ve konut \u00fcretiminin devam edece\u011fini dile getiren Ba\u015ft\u00fcrk; &#8220;Bu proje devletimizin ortaya koydu\u011fu tarihin en kapsaml\u0131 sosyal konut projesi olup yakla\u015f\u0131k 2 milyon vatanda\u015f\u0131m\u0131za yuva olacakt\u0131r. Kampanyaya U\u015fak merkez ve il\u00e7elerinden 20 bin 400 vatanda\u015f\u0131m\u0131z talepte bulunmu\u015ftur. Noter ve sizlerin huzurunda biraz sonra kuralar \u00e7ekilecek, burada olmayan vatanda\u015flar\u0131m\u0131z canl\u0131 izleyebilecek ve 2 bin 558 hak sahibi belirlenecektir. Hak sahibi olacak vatanda\u015flar\u0131m\u0131za \u015fimdiden sa\u011fl\u0131k, huzur ve g\u00fcven i\u00e7inde mutlu bir \u015fekilde oturacaklar\u0131 s\u0131cak yuvalar in\u015fa edece\u011fimizi m\u00fcjdelemek isterim. Kurada ismi \u00e7\u0131kmyayan vatanda\u015flar\u0131m\u0131z da \u00fcz\u00fclmesin. Ev sahibi olmayan tek bir vatanda\u015f\u0131m\u0131z kalmayana kadar TOK\u0130 projelerimiz devam edecektir. Yeni \u00fcretece\u011fimiz konutlar yatay mimariye uygun, kaliteli, depremlere kar\u015f\u0131 g\u00fcvenli ve mahalle k\u00fclt\u00fcr\u00fcn\u00fcn t\u00fcm g\u00fczelliklerini ya\u015fatacak, vatanda\u015flar\u0131m\u0131z\u0131n ihtiya\u00e7lar\u0131n\u0131 kar\u015f\u0131layacak nitelikte olacakt\u0131r. Ayr\u0131ca projeler \u00e7evre d\u00fczeniyle, park\u0131yla, \u00e7ar\u015f\u0131s\u0131yla, camisiyle ihtiya\u00e7lar\u0131 kar\u015f\u0131layacak nitelikte in\u015fa edilecektir.&#8221; dedi.<br \/>\n<br \/>Program, \u0130l M\u00fcft\u00fcs\u00fc Mesut Harmanc\u0131\u2019n\u0131n yapt\u0131\u011f\u0131 duan\u0131n ard\u0131ndan protokol \u00fcyeleri ve baz\u0131 kat\u0131l\u0131mc\u0131lar\u0131n butona basmas\u0131yla kura \u00e7ekimiyle devam etti.<br \/>\n<br \/>\u00d6te yandan, programa kent protokol\u00fc ve vatanda\u015flar kat\u0131ld\u0131.<br \/><\/p>\n","protected":false},"excerpt":{"rendered":"<p>Toplu Konut \u0130daresi (TOK\u0130) Ba\u015fkanl\u0131\u011f\u0131 taraf\u0131ndan 81 ilde y\u00fcr\u00fct\u00fclen \u2019Y\u00fczy\u0131l\u0131n Konut Projesi\u2019 kapsam\u0131nda U\u015fak\u2019ta 2 bin 558 konut i\u00e7in d\u00fczenlenen kura \u00e7ekili\u015fi ile hak sahipleri belirlendi. T\u00fcrkiye genelinde hayata ge\u00e7irilen \u2019Y\u00fczy\u0131l\u0131n Konut Projesi\u2019 kapsam\u0131nda U\u015fak\u2019ta yap\u0131lacak 2 bin 558 konut i\u00e7in U\u015fak \u00dcniversitesi 1 Eyl\u00fcl Kamp\u00fcs\u00fc i\u00e7eresinde yer alan Recep Tayyip Erdo\u011fan Kongre Merkezi\u2019nde noter&#8230;<\/p>\n","protected":false},"author":1,"featured_media":90100,"comment_status":"open","ping_status":"open","sticky":false,"template":"","format":"standard","meta":{"_crdt_document":"","footnotes":""},"categories":[1],"tags":[],"class_list":["post-90099","post","type-post","status-publish","format-standard","has-post-thumbnail","hentry","category-guncel"],"_links":{"self":[{"href":"https:\/\/www.egemtv.com\/index.php?rest_route=\/wp\/v2\/posts\/90099","targetHints":{"allow":["GET"]}}],"collection":[{"href":"https:\/\/www.egemtv.com\/index.php?rest_route=\/wp\/v2\/posts"}],"about":[{"href":"https:\/\/www.egemtv.com\/index.php?rest_route=\/wp\/v2\/types\/post"}],"author":[{"embeddable":true,"href":"https:\/\/www.egemtv.com\/index.php?rest_route=\/wp\/v2\/users\/1"}],"replies":[{"embeddable":true,"href":"https:\/\/www.egemtv.com\/index.php?rest_route=%2Fwp%2Fv2%2Fcomments&post=90099"}],"version-history":[{"count":1,"href":"https:\/\/www.egemtv.com\/index.php?rest_route=\/wp\/v2\/posts\/90099\/revisions"}],"predecessor-version":[{"id":90101,"href":"https:\/\/www.egemtv.com\/index.php?rest_route=\/wp\/v2\/posts\/90099\/revisions\/90101"}],"wp:featuredmedia":[{"embeddable":true,"href":"https:\/\/www.egemtv.com\/index.php?rest_route=\/wp\/v2\/media\/90100"}],"wp:attachment":[{"href":"https:\/\/www.egemtv.com\/index.php?rest_route=%2Fwp%2Fv2%2Fmedia&parent=90099"}],"wp:term":[{"taxonomy":"category","embeddable":true,"href":"https:\/\/www.egemtv.com\/index.php?rest_route=%2Fwp%2Fv2%2Fcategories&post=90099"},{"taxonomy":"post_tag","embeddable":true,"href":"https:\/\/www.egemtv.com\/index.php?rest_route=%2Fwp%2Fv2%2Ftags&post=90099"}],"curies":[{"name":"wp","href":"https:\/\/api.w.org\/{rel}","templated":true}]}}