{"id":90096,"date":"2026-02-24T14:15:00","date_gmt":"2026-02-24T11:15:00","guid":{"rendered":"https:\/\/www.egemtv.com\/?p=90096"},"modified":"2026-02-24T14:15:01","modified_gmt":"2026-02-24T11:15:01","slug":"salihlide-lise-ogrencilerine-hayat-kurtaran-trafik-egitimi","status":"publish","type":"post","link":"https:\/\/www.egemtv.com\/?p=90096","title":{"rendered":"Salihli\u2019de lise \u00f6\u011frencilerine hayat kurtaran trafik e\u011fitimi"},"content":{"rendered":"<p>Manisa\u2019n\u0131n Salihli il\u00e7esinde polis ekipleri taraf\u0131ndan lise \u00f6\u011frencilerine y\u00f6nelik trafik g\u00fcvenli\u011fi e\u011fitimi d\u00fczenlendi.<br \/>\n<br \/>Salihli Hafsa Sultan K\u0131z Mesleki ve Teknik Anadolu Lisesi\u2019nde, Karayolu Trafik G\u00fcvenli\u011fi Eylem Plan\u0131 kapsam\u0131nda bilgilendirme semineri ger\u00e7ekle\u015ftirildi. Seminere \u00f6\u011frenciler ve \u00f6\u011fretmenler kat\u0131ld\u0131.<br \/>\n<br \/>E\u011fitimde \u0130l\u00e7e Emniyet M\u00fcd\u00fcrl\u00fc\u011f\u00fc\u2019nde g\u00f6revli Polis Memuru Mesut Ku\u015f taraf\u0131ndan \u00f6\u011frencilere trafik kurallar\u0131na uyulmas\u0131n\u0131n \u00f6nemi anlat\u0131ld\u0131. Ku\u015f, \u00f6zellikle yaya g\u00fcvenli\u011fi, emniyet kemeri kullan\u0131m\u0131 ve trafikte dikkat edilmesi gereken temel kurallar hakk\u0131nda \u00f6nemli bilgiler payla\u015ft\u0131.<br \/>\n<br \/>\u00d6\u011frencilerin sorular\u0131n\u0131n da yan\u0131tland\u0131\u011f\u0131 programda, trafik bilincinin k\u00fc\u00e7\u00fck ya\u015fta kazan\u0131lmas\u0131n\u0131n hayati \u00f6nem ta\u015f\u0131d\u0131\u011f\u0131 vurguland\u0131.<br \/>\n<br \/>Okul M\u00fcd\u00fcr\u00fc Ak\u0131n Ak\u00e7eltik ise katk\u0131lar\u0131ndan dolay\u0131 Polis Memuru Mesut Ku\u015f\u2019a te\u015fekk\u00fcr ederek, bu t\u00fcr e\u011fitimlerin \u00f6\u011frenciler a\u00e7\u0131s\u0131ndan olduk\u00e7a faydal\u0131 oldu\u011funu ifade etti.<br \/><\/p>\n","protected":false},"excerpt":{"rendered":"<p>Manisa\u2019n\u0131n Salihli il\u00e7esinde polis ekipleri taraf\u0131ndan lise \u00f6\u011frencilerine y\u00f6nelik trafik g\u00fcvenli\u011fi e\u011fitimi d\u00fczenlendi. Salihli Hafsa Sultan K\u0131z Mesleki ve Teknik Anadolu Lisesi\u2019nde, Karayolu Trafik G\u00fcvenli\u011fi Eylem Plan\u0131 kapsam\u0131nda bilgilendirme semineri ger\u00e7ekle\u015ftirildi. Seminere \u00f6\u011frenciler ve \u00f6\u011fretmenler kat\u0131ld\u0131. E\u011fitimde \u0130l\u00e7e Emniyet M\u00fcd\u00fcrl\u00fc\u011f\u00fc\u2019nde g\u00f6revli Polis Memuru Mesut Ku\u015f taraf\u0131ndan \u00f6\u011frencilere trafik kurallar\u0131na uyulmas\u0131n\u0131n \u00f6nemi anlat\u0131ld\u0131. Ku\u015f, \u00f6zellikle yaya&#8230;<\/p>\n","protected":false},"author":1,"featured_media":90097,"comment_status":"open","ping_status":"open","sticky":false,"template":"","format":"standard","meta":{"_crdt_document":"","footnotes":""},"categories":[1],"tags":[],"class_list":["post-90096","post","type-post","status-publish","format-standard","has-post-thumbnail","hentry","category-guncel"],"_links":{"self":[{"href":"https:\/\/www.egemtv.com\/index.php?rest_route=\/wp\/v2\/posts\/90096","targetHints":{"allow":["GET"]}}],"collection":[{"href":"https:\/\/www.egemtv.com\/index.php?rest_route=\/wp\/v2\/posts"}],"about":[{"href":"https:\/\/www.egemtv.com\/index.php?rest_route=\/wp\/v2\/types\/post"}],"author":[{"embeddable":true,"href":"https:\/\/www.egemtv.com\/index.php?rest_route=\/wp\/v2\/users\/1"}],"replies":[{"embeddable":true,"href":"https:\/\/www.egemtv.com\/index.php?rest_route=%2Fwp%2Fv2%2Fcomments&post=90096"}],"version-history":[{"count":1,"href":"https:\/\/www.egemtv.com\/index.php?rest_route=\/wp\/v2\/posts\/90096\/revisions"}],"predecessor-version":[{"id":90098,"href":"https:\/\/www.egemtv.com\/index.php?rest_route=\/wp\/v2\/posts\/90096\/revisions\/90098"}],"wp:featuredmedia":[{"embeddable":true,"href":"https:\/\/www.egemtv.com\/index.php?rest_route=\/wp\/v2\/media\/90097"}],"wp:attachment":[{"href":"https:\/\/www.egemtv.com\/index.php?rest_route=%2Fwp%2Fv2%2Fmedia&parent=90096"}],"wp:term":[{"taxonomy":"category","embeddable":true,"href":"https:\/\/www.egemtv.com\/index.php?rest_route=%2Fwp%2Fv2%2Fcategories&post=90096"},{"taxonomy":"post_tag","embeddable":true,"href":"https:\/\/www.egemtv.com\/index.php?rest_route=%2Fwp%2Fv2%2Ftags&post=90096"}],"curies":[{"name":"wp","href":"https:\/\/api.w.org\/{rel}","templated":true}]}}